{"id":336075,"date":"2025-08-11T09:56:19","date_gmt":"2025-08-11T09:56:19","guid":{"rendered":"https:\/\/www.europesays.com\/de\/336075\/"},"modified":"2025-08-11T09:56:19","modified_gmt":"2025-08-11T09:56:19","slug":"hamburg-unbekannter-ueberfaellt-blumenladen-mit-waffe-regional","status":"publish","type":"post","link":"https:\/\/www.europesays.com\/de\/336075\/","title":{"rendered":"Hamburg: Unbekannter \u00fcberf\u00e4llt Blumenladen mit Waffe | Regional"},"content":{"rendered":"<p>Hamburg \u2013 <b>Ein maskierter T\u00e4ter hat am 10.08.2025 um 11.15 Uhr einen Blumenladen in Hamburg-Schnelsen \u00fcberfallen.<\/b><\/p>\n<p>Der Unbekannte betrat den Laden an der Pinneberger Stra\u00dfe und verlangte unter Vorhalt einer Schusswaffe Bargeld. Dabei schlug er einer 59-j\u00e4hrigen Mitarbeiterin mit der Waffe gegen den Kopf.<\/p>\n<p>Auch interessant<\/p>\n<p>Anzeige<\/p>\n<p>Auch interessant<\/p>\n<p>Anzeige<\/p>\n<p>Nach der Tat fl\u00fcchtete der R\u00e4uber auf einem Fahrrad in Richtung Holsteiner Chaussee. Die Angestellte erlitt leichte Verletzungen und wurde ins Krankenhaus gebracht.<\/p>\n<p>Trotz einer sofort eingeleiteten Fahndung mit mehr als einem halben Dutzend Funkstreifenwagen und dem Polizeihubschrauber \u00abLibelle 2\u00bb konnte der T\u00e4ter nicht gefasst werden. Er wird als etwa 30 Jahre alt, 170 cm gro\u00df, mit athletischer Statur und s\u00fcdl\u00e4ndischem Erscheinungsbild beschrieben. Bekleidet war er mit blauer Jeans, dunkler Cap und Sonnenbrille.<\/p>\n<p>Das Raubdezernat (LKA 134) ermittelt und bittet um Hinweise von Zeugen unter 040\/4286-56789.<\/p>\n<p>Dieser Text basiert auf einer offiziellen Beh\u00f6rden-Information und wurde mit Hilfe von KI erstellt.<\/p>\n","protected":false},"excerpt":{"rendered":"Hamburg \u2013 Ein maskierter T\u00e4ter hat am 10.08.2025 um 11.15 Uhr einen Blumenladen in Hamburg-Schnelsen \u00fcberfallen. Der Unbekannte&hellip;\n","protected":false},"author":2,"featured_media":316441,"comment_status":"","ping_status":"","sticky":false,"template":"","format":"standard","meta":{"footnotes":""},"categories":[1826],"tags":[29,1686,30,1000,692,2509,45,1995],"class_list":{"0":"post-336075","1":"post","2":"type-post","3":"status-publish","4":"format-standard","5":"has-post-thumbnail","7":"category-hamburg","8":"tag-deutschland","9":"tag-diebstahl","10":"tag-germany","11":"tag-gewalt","12":"tag-hamburg","13":"tag-ki-ots","14":"tag-texttospeech","15":"tag-verbrechen"},"share_on_mastodon":{"url":"https:\/\/pubeurope.com\/@de\/115009538273941822","error":""},"_links":{"self":[{"href":"https:\/\/www.europesays.com\/de\/wp-json\/wp\/v2\/posts\/336075","targetHints":{"allow":["GET"]}}],"collection":[{"href":"https:\/\/www.europesays.com\/de\/wp-json\/wp\/v2\/posts"}],"about":[{"href":"https:\/\/www.europesays.com\/de\/wp-json\/wp\/v2\/types\/post"}],"author":[{"embeddable":true,"href":"https:\/\/www.europesays.com\/de\/wp-json\/wp\/v2\/users\/2"}],"replies":[{"embeddable":true,"href":"https:\/\/www.europesays.com\/de\/wp-json\/wp\/v2\/comments?post=336075"}],"version-history":[{"count":0,"href":"https:\/\/www.europesays.com\/de\/wp-json\/wp\/v2\/posts\/336075\/revisions"}],"wp:featuredmedia":[{"embeddable":true,"href":"https:\/\/www.europesays.com\/de\/wp-json\/wp\/v2\/media\/316441"}],"wp:attachment":[{"href":"https:\/\/www.europesays.com\/de\/wp-json\/wp\/v2\/media?parent=336075"}],"wp:term":[{"taxonomy":"category","embeddable":true,"href":"https:\/\/www.europesays.com\/de\/wp-json\/wp\/v2\/categories?post=336075"},{"taxonomy":"post_tag","embeddable":true,"href":"https:\/\/www.europesays.com\/de\/wp-json\/wp\/v2\/tags?post=336075"}],"curies":[{"name":"wp","href":"https:\/\/api.w.org\/{rel}","templated":true}]}}