{"id":336976,"date":"2025-08-11T18:15:13","date_gmt":"2025-08-11T18:15:13","guid":{"rendered":"https:\/\/www.europesays.com\/de\/336976\/"},"modified":"2025-08-11T18:15:13","modified_gmt":"2025-08-11T18:15:13","slug":"krebszellen-in-der-lunge-werden-durch-atemwegs-virusinfekte-wieder-aktiv","status":"publish","type":"post","link":"https:\/\/www.europesays.com\/de\/336976\/","title":{"rendered":"Krebszellen in der Lunge werden durch Atemwegs-Virusinfekte wieder aktiv"},"content":{"rendered":"<ol class=\"id-DonaldBreadcrumb lp_west_breadcrumb id-DonaldBreadcrumb--default\" data-k5a-pos=\"west_breadcrumb\">\n<li class=\"id-Breadcrumb-item\"><a href=\"https:\/\/www.fr.de\/\" class=\"id-Breadcrumb-link\" data-id-ec=\"{\" shn=\"\" textlink=\"\" data-k5a-pos=\"1_startseite\" rel=\"nofollow noopener\" target=\"_blank\">Startseite<\/a><\/li>\n<li class=\"id-Breadcrumb-item\"><a href=\"https:\/\/www.fr.de\/ratgeber\/\" class=\"id-Breadcrumb-link\" data-id-ec=\"{\" shn=\"\" textlink=\"\" data-k5a-pos=\"2_ratgeber\" rel=\"nofollow noopener\" target=\"_blank\">Ratgeber<\/a><\/li>\n<li class=\"id-Breadcrumb-item\"><a href=\"https:\/\/www.fr.de\/ratgeber\/gesundheit\/\" class=\"id-Breadcrumb-link\" data-id-ec=\"{\" shn=\"\" textlink=\"\" data-k5a-pos=\"3_gesundheit\" rel=\"nofollow noopener\" target=\"_blank\">Gesundheit<\/a><\/li>\n<\/ol>\n<p class=\"id-Story-timestamp id-Story-timestamp--default\">Stand: 11.08.2025, 19:02 Uhr<\/p>\n<p class=\"id-Story-authors id-Story-authors--default\">Von: <a class=\"id-Story-authors-link lp_west_author\" href=\"https:\/\/www.fr.de\/autor\/silke-boettcher-1kpso4pz.html\" title=\"Zur Autorenseite von Silke B&#xF6;ttcher\" data-id-ec=\"{\" shn=\"\" author-link=\"\" b=\"\" data-k5a-pos=\"west_author\" rel=\"nofollow noopener\" target=\"_blank\">Silke B\u00f6ttcher<\/a><\/p>\n<p class=\"id-Story-interactionBar id-Story-interactionBar--default\">DruckenTeilen<\/p>\n<p class=\"id-StoryElement-leadText\">Krebspatienten riskieren bei Atemwegsinfektionen schwerwiegende Folgen. Forscher belegen, dass schlafende Krebszellen wieder aktiv werden k\u00f6nnen.<\/p>\n<p class=\"id-StoryElement-paragraph\">Frankfurt \u2013 Eine Atemwegs-Infektion ist eigentlich kein Problem. Nach einer Woche geht es dem Betroffenen wieder besser. Anders ist es, wenn sich ein <a href=\"https:\/\/www.fr.de\/panorama\/grippe-kann-schlafende-krebszellen-wecken-ueberraschende-studienergebnisse-93861004.html\" class=\"id-import-Link\" data-id-ec=\"{&quot;sht&quot;:&quot;Container&quot;,&quot;shn&quot;:&quot;Story&quot;,&quot;p&quot;:{&quot;containerType&quot;:&quot;Paragraph&quot;,&quot;displayType&quot;:&quot;Paragraph InlineLink&quot;,&quot;type&quot;:&quot;INLINE_LINK&quot;,&quot;value&quot;:&quot;Krebs-Patient mit Corona, Grippe oder einer anderen Infektion der Atemwege ansteckt&quot;,&quot;variant&quot;:&quot;standardLink&quot;,&quot;sponsored&quot;:false,&quot;linkHref&quot;:&quot;https:\/\/www.fr.de\/panorama\/grippe-kann-schlafende-krebszellen-wecken-ueberraschende-studienergebnisse-93861004.html&quot;,&quot;storyElementPosition&quot;:8,&quot;storyElementCount&quot;:22}}\" rel=\"nofollow noopener\" target=\"_blank\">Krebs-Patient mit Corona, Grippe oder einer anderen Infektion der Atemwege ansteckt<\/a>. Bei ihnen kann die Erkrankung zur Bildung von Metastasen f\u00fchren und bislang ruhende Krebszellen in der Lunge buchst\u00e4blich aufwecken. Das kann dazu f\u00fchren, dass sich Krebszellen stark und schnell vermehren und sich neue Lungenmetastasen bilden. Das zeigt eine Studie von Forschern der University of Colorado, die in der Zeitschrift Nature ver\u00f6ffentlicht wurde.<\/p>\n<p><img decoding=\"async\" class=\"id-RatioPlaceholder-element wv_story_el_image\" src=\"https:\/\/www.europesays.com\/de\/wp-content\/uploads\/2025\/08\/39240978-eine-aerztin-haelt-eine-roentgenaufnahme-einer-lunge-mit-metastasen-in-den-haenden-QxBG.jpg\" loading=\"lazy\"   height=\"733\" width=\"1100\" alt=\"Eine &#xC4;rztin h&#xE4;lt eine R&#xF6;ntgenaufnahme einer Lunge mit Metastasen in den H&#xE4;nden.\"\/>Atemwegsinfektionen k\u00f6nnen ruhende Krebszellen \u201eaufwecken\u201c. (Symbolfoto) \u00a9\u00a0IMAGO\/CHASSENET \/ BSIPAtemwegsviren l\u00f6sen Entz\u00fcndungen aus<\/p>\n<p class=\"id-StoryElement-paragraph\">Wissenschaftlern zufolge werden die meisten Todesf\u00e4lle bei Krebs durch Metastasierung verursacht \u2013 h\u00e4ufig nach einer langen Phase klinischer Ruhe bei den Krebszellen. Vor allem Atemwegsviren wie Influenza oder SARS-CoV-2 l\u00f6sen nach den Erkenntnissen lokale und systemische Entz\u00fcndungen aus, durch die ruhende Brustkrebszellen aufgeweckt werden. Das f\u00fchrt innerhalb weniger Tage nach der Infektion zu einer Vermehrung der Krebszellen und innerhalb von zwei Wochen zu einer <a href=\"https:\/\/www.fr.de\/panorama\/forscher-machen-neue-krebs-entdeckung-darum-haben-viele-patienten-aggressive-metastasen-in-der-lunge-93504498.html\" class=\"id-import-Link\" data-id-ec=\"{&quot;sht&quot;:&quot;Container&quot;,&quot;shn&quot;:&quot;Story&quot;,&quot;p&quot;:{&quot;containerType&quot;:&quot;Paragraph&quot;,&quot;displayType&quot;:&quot;Paragraph InlineLink&quot;,&quot;type&quot;:&quot;INLINE_LINK&quot;,&quot;value&quot;:&quot;massiven Ausbreitung von Karzinomzellen und Metastasen&quot;,&quot;variant&quot;:&quot;standardLink&quot;,&quot;sponsored&quot;:false,&quot;linkHref&quot;:&quot;https:\/\/www.fr.de\/panorama\/forscher-machen-neue-krebs-entdeckung-darum-haben-viele-patienten-aggressive-metastasen-in-der-lunge-93504498.html&quot;,&quot;storyElementPosition&quot;:12,&quot;storyElementCount&quot;:22}}\" rel=\"nofollow noopener\" target=\"_blank\">massiven Ausbreitung von Karzinomzellen und Metastasen<\/a>.<\/p>\n<p>Krebszahlen in Deutschland<\/p>\n<p class=\"id-StoryElement-factBox-paragraph\">2022 erkrankten in Deutschland etwa 236.000 Frauen und 268.000 M\u00e4nner neu an Krebs. 2023 starben knapp 106.000 Frauen und 123.000 M\u00e4nner daran. Die relative \u00dcberlebensrate nach zehn Jahren liegt bei 61 Prozent (Frauen) bzw. 57 Prozent (M\u00e4nner).<\/p>\n<p class=\"id-StoryElement-factBox-paragraph\">Besonders h\u00e4ufig besiedeln Metastasen die Lunge. Wissenschaftler der Katholischen Universit\u00e4t Leuven (Belgien) fanden bei Patientinnen mit metastasierendem Brustkrebs gro\u00dfe Mengen des Proteins Aspartat in den Metastasen. Sie vermuten deshalb, dass dieses Protein eine entscheidende Rolle f\u00fcr die Metastasierung der Lunge spielt. Normalerweise kommt Aspartat im Blut nur in geringer Menge vor.<\/p>\n<p class=\"id-StoryElement-paragraph\">Grundlage f\u00fcr die<a href=\"https:\/\/www.nature.com\/articles\/s41586-025-09332-0\" rel=\"nofollow noopener\" target=\"_blank\" class=\"id-import-Link id-pageApi-Link--externalDomain\" data-id-ec=\"{&quot;sht&quot;:&quot;Container&quot;,&quot;shn&quot;:&quot;Story&quot;,&quot;p&quot;:{&quot;containerType&quot;:&quot;Paragraph&quot;,&quot;displayType&quot;:&quot;Paragraph InlineLink&quot;,&quot;type&quot;:&quot;INLINE_LINK&quot;,&quot;value&quot;:&quot; US-Studie&quot;,&quot;variant&quot;:&quot;standardLink&quot;,&quot;sponsored&quot;:false,&quot;linkHref&quot;:&quot;https:\/\/www.nature.com\/articles\/s41586-025-09332-0&quot;,&quot;storyElementPosition&quot;:15,&quot;storyElementCount&quot;:22}}\"> US-Studie<\/a> waren Hinweise, dass es<a href=\"https:\/\/www.fr.de\/wissen\/wie-das-coronavirus-den-weg-fuer-neue-krebstherapien-ebnet-93434282.html\" class=\"id-import-Link\" data-id-ec=\"{&quot;sht&quot;:&quot;Container&quot;,&quot;shn&quot;:&quot;Story&quot;,&quot;p&quot;:{&quot;containerType&quot;:&quot;Paragraph&quot;,&quot;displayType&quot;:&quot;Paragraph InlineLink&quot;,&quot;type&quot;:&quot;INLINE_LINK&quot;,&quot;value&quot;:&quot; w&#xE4;hrend der Corona-Pandemie&quot;,&quot;variant&quot;:&quot;standardLink&quot;,&quot;sponsored&quot;:false,&quot;linkHref&quot;:&quot;https:\/\/www.fr.de\/wissen\/wie-das-coronavirus-den-weg-fuer-neue-krebstherapien-ebnet-93434282.html&quot;,&quot;storyElementPosition&quot;:15,&quot;storyElementCount&quot;:22}}\" rel=\"nofollow noopener\" target=\"_blank\"> w\u00e4hrend der Corona-Pandemie<\/a> Berichte \u00fcber eine Zunahme der Krebs-Toten gegeben habe. Die Wissenschaftler untersuchten daf\u00fcr M\u00e4use, die mit Brustkrebs infiziert waren und schon metastasierende, aber ruhende Krebszellen in der Lunge hatten. Sie infizierten die Tiere mit Viren von SARS-CoV-2 oder Influenza. Zum Vergleich dienten krebsfreie M\u00e4use, die ebenfalls mit diesen Viren infiziert wurden.<\/p>\n<p>Metastasen-Last stieg bei M\u00e4usen um das bis zu 1000-Fache<\/p>\n<p class=\"id-StoryElement-paragraph\">Kurz nach der Infektion zeigten sich bei den krebskranken M\u00e4usen deutlich mehr Krebszellen. Innerhalb von 14 Tagen nahm die Metastasen-Last um das bis zu 1000-Fache zu. Verursacht wurde das Aufwecken der Krebszellen durch das Freisetzen einer gro\u00dfen Menge Interleukin-6 in der Lunge. Das ist ein Botenstoff f\u00fcr Entz\u00fcndungen, der die ruhenden Krebszellen neu aktiviert. Hinzu kommt, dass sogenannte T-Helferzellen (CD4+) daf\u00fcr sorgen, dass T-Killerzellen (CD8+), die Krebszellen erkennen und abt\u00f6ten k\u00f6nnen, gehemmt werden. <\/p>\n<p>Krebserregende Viren: Diese Erreger k\u00f6nnen Krebs ausl\u00f6sen<img decoding=\"async\" class=\"id-RatioPlaceholder-element wv_story_el_interstitialImage\" src=\"https:\/\/www.europesays.com\/de\/wp-content\/uploads\/2025\/08\/2144303-237457345-helicobacter-pylori-2uurSM8qYRfe.jpg\" loading=\"lazy\"   height=\"600\" width=\"579\" alt=\"Das Magenbakterium Helicobacter pylori \"\/><a href=\"https:\/\/www.fr.de\/ratgeber\/gesundheit\/krebserregende-viren-erreger-krebs-ausloesen-ursache-zr-9432836.html\" class=\"id-StoryElement-intestitialLink-link\" data-id-ec=\"{\" shn=\"\" ansehen=\"\" data-k5a-pos=\"west_story_18_photoGalleryLink\" title=\"Zur Fotostrecke: Krebserregende Viren: Diese Erreger k&#xF6;nnen Krebs ausl&#xF6;sen\" rel=\"nofollow noopener\" target=\"_blank\">Fotostrecke ansehen<\/a><\/p>\n<p class=\"id-StoryElement-paragraph\">Die Wissenschaftler haben untersucht, ob diese Erkenntnisse auch auf Menschen angewendet werden k\u00f6nnen. Sie werteten Daten aus dem Corona-Jahr 2020 in Bezug auf die Krebs-Sterblichkeit in Gro\u00dfbritannien aus und erkannten, dass die Sterblichkeitsrate bei den Patienten stark erh\u00f6ht war, bei denen Corona diagnostiziert worden war.<\/p>\n<p class=\"id-StoryElement-paragraph\">Die Erkenntnis, dass Interleukin-6 eine wichtige Rolle f\u00fcr das Aufwecken der ruhenden Krebszellen spielt, kann dabei helfen, M\u00f6glichkeiten zu finden, diese Verbindung zu hemmen. Hier k\u00f6nnten Interleukin-6-Hemmer eingesetzt werden. Allerdings sind weitere Studien n\u00f6tig.<\/p>\n<p>Transparenzhinweise<\/p>\n","protected":false},"excerpt":{"rendered":"Startseite Ratgeber Gesundheit Stand: 11.08.2025, 19:02 Uhr Von: Silke B\u00f6ttcher DruckenTeilen Krebspatienten riskieren bei Atemwegsinfektionen schwerwiegende Folgen. Forscher&hellip;\n","protected":false},"author":2,"featured_media":336977,"comment_status":"","ping_status":"","sticky":false,"template":"","format":"standard","meta":{"footnotes":""},"categories":[137],"tags":[29,30,141,232],"class_list":{"0":"post-336976","1":"post","2":"type-post","3":"status-publish","4":"format-standard","5":"has-post-thumbnail","7":"category-gesundheit","8":"tag-deutschland","9":"tag-germany","10":"tag-gesundheit","11":"tag-health"},"share_on_mastodon":{"url":"https:\/\/pubeurope.com\/@de\/115011501600703257","error":""},"_links":{"self":[{"href":"https:\/\/www.europesays.com\/de\/wp-json\/wp\/v2\/posts\/336976","targetHints":{"allow":["GET"]}}],"collection":[{"href":"https:\/\/www.europesays.com\/de\/wp-json\/wp\/v2\/posts"}],"about":[{"href":"https:\/\/www.europesays.com\/de\/wp-json\/wp\/v2\/types\/post"}],"author":[{"embeddable":true,"href":"https:\/\/www.europesays.com\/de\/wp-json\/wp\/v2\/users\/2"}],"replies":[{"embeddable":true,"href":"https:\/\/www.europesays.com\/de\/wp-json\/wp\/v2\/comments?post=336976"}],"version-history":[{"count":0,"href":"https:\/\/www.europesays.com\/de\/wp-json\/wp\/v2\/posts\/336976\/revisions"}],"wp:featuredmedia":[{"embeddable":true,"href":"https:\/\/www.europesays.com\/de\/wp-json\/wp\/v2\/media\/336977"}],"wp:attachment":[{"href":"https:\/\/www.europesays.com\/de\/wp-json\/wp\/v2\/media?parent=336976"}],"wp:term":[{"taxonomy":"category","embeddable":true,"href":"https:\/\/www.europesays.com\/de\/wp-json\/wp\/v2\/categories?post=336976"},{"taxonomy":"post_tag","embeddable":true,"href":"https:\/\/www.europesays.com\/de\/wp-json\/wp\/v2\/tags?post=336976"}],"curies":[{"name":"wp","href":"https:\/\/api.w.org\/{rel}","templated":true}]}}