{"id":337167,"date":"2025-08-11T20:02:12","date_gmt":"2025-08-11T20:02:12","guid":{"rendered":"https:\/\/www.europesays.com\/de\/337167\/"},"modified":"2025-08-11T20:02:12","modified_gmt":"2025-08-11T20:02:12","slug":"sc-verl-ii-erringt-knappen-sieg-gegen-tus-hiltrup","status":"publish","type":"post","link":"https:\/\/www.europesays.com\/de\/337167\/","title":{"rendered":"SC Verl II erringt knappen Sieg gegen TuS Hiltrup"},"content":{"rendered":"<p>                                Spielinfos:<br \/>\nDatum &amp; Uhrzeit: 10.08.2025 15.00 Uhr<br \/>Austragungsort: M\u00fcnster<br \/>Wettbewerb: Oberliga Westfalen<br \/>Spieltag: 1<\/p>\n<p>Spielbericht: TuS Hiltrup gegen SC Verl II 0:1 (0:0)<\/p>\n<p id=\"absatz2\" class=\"em_text\">M\u00fcnster. Ein torarmes Spiel liefern sich die Teams von Marcel St\u00f6ppel und Przemyslaw Czapp vor einem Publikum von 375 Besuchern in der M\u00fcnsteraner Sportanlage TuS Hiltrup HP am Sonntag.<\/p>\n<p id=\"absatz4\" class=\"em_text\">Bevor ein erstes Tor geschossen wird, verteilt Schiri Philipp Werner-Krestel eine Gelbe Karte an die G\u00e4ste sowie drei Gelbe Karten an die Hiltruper. Das Spiel kommt nur langsam in Gang. Die erste Halbzeit verl\u00e4uft torlos und die Teams gehen 0:0 in die Pause. Die Zeit vergeht und es will einfach nicht klappen. Auch nach dem Seitenwechsel scheinen alle Bem\u00fchungen erfolglos. Und dann wird es doch noch packend: In der dritten Minute der Nachspielzeit bringt Moritz Lamkemeyer die G\u00e4ste in F\u00fchrung (93).<\/p>\n<p id=\"absatz5\" class=\"em_text\">Die Hiltruper rutschten auf Platz 14 ab.<\/p>\n<p>Die Aufstellungen: TuS Hiltrup &#8211; SC Verl II<br \/>\nTuS Hiltrup: Romain B\u00f6cker (1), Justin Mittmann (28), Janus Scheele (9), S\u00f6ren Jankh\u00f6fer (27), Alexander Gockel (6), Felix Bu\u00dfmann (24), Joschka Br\u00fcggemann (42), Mohammed Ali Khan (21), Enoch Moussa (44), Felix Hesker (8), Jonas Wei\u00dfen (7)<br \/>SC Verl II: Jan Olschewski (16), Alessandro Toia (28), Emmanuel Bamba (14), Isaak Nwachukwu (10), Cristiano Andre Sonntag (6), Dennis Simic (4), Louis Owusu Ahenkora (11), Fabian Pekruhl (32), Fabian Jurisic (15), Henry Obermeyer (19), Sekou Eickholt (13)<br \/>Schiedsrichter: Philipp Werner-Krestel<\/p>\n<p id=\"absatz6\" class=\"em_text\">Assistent: Tim Schmidt<\/p>\n<p id=\"absatz7\" class=\"em_text\">Assistent: Paul Sch\u00fctte<\/p>\n<p id=\"absatz8\" class=\"em_text\" style=\"font-size: .8em;\">Die Inhalte dieses Berichts wurden automatisch auf der Basis von DFB-Daten zusammengestellt.<\/p>\n","protected":false},"excerpt":{"rendered":"Spielinfos: Datum &amp; Uhrzeit: 10.08.2025 15.00 UhrAustragungsort: M\u00fcnsterWettbewerb: Oberliga WestfalenSpieltag: 1 Spielbericht: TuS Hiltrup gegen SC Verl II&hellip;\n","protected":false},"author":2,"featured_media":337168,"comment_status":"","ping_status":"","sticky":false,"template":"","format":"standard","meta":{"footnotes":""},"categories":[1843],"tags":[7763,3364,29,5282,30,45977,8405,734,7774,1613,8970,1209,12006,94790,94791,94792,58950,17712,7773,7765,31667,7764,8404],"class_list":{"0":"post-337167","1":"post","2":"type-post","3":"status-publish","4":"format-standard","5":"has-post-thumbnail","7":"category-muenster","8":"tag-austragungsort","9":"tag-de","10":"tag-deutschland","11":"tag-fuball","12":"tag-germany","13":"tag-hp","14":"tag-mnster","15":"tag-meta_artikelklasse_nachricht","16":"tag-meta_themen_sport","17":"tag-meta_userneeds_informieremich","18":"tag-muenster","19":"tag-nordrhein-westfalen","20":"tag-oberliga","21":"tag-philipp-werner-krestel","22":"tag-przemyslaw-czapp","23":"tag-romain-bcker","24":"tag-sc-verl-ii","25":"tag-serie_ligaid_210198","26":"tag-serie_ligaid_all","27":"tag-spielinfo","28":"tag-tus-hiltrup","29":"tag-uhrzeit","30":"tag-westfalen"},"share_on_mastodon":{"url":"https:\/\/pubeurope.com\/@de\/115011921162960683","error":""},"_links":{"self":[{"href":"https:\/\/www.europesays.com\/de\/wp-json\/wp\/v2\/posts\/337167","targetHints":{"allow":["GET"]}}],"collection":[{"href":"https:\/\/www.europesays.com\/de\/wp-json\/wp\/v2\/posts"}],"about":[{"href":"https:\/\/www.europesays.com\/de\/wp-json\/wp\/v2\/types\/post"}],"author":[{"embeddable":true,"href":"https:\/\/www.europesays.com\/de\/wp-json\/wp\/v2\/users\/2"}],"replies":[{"embeddable":true,"href":"https:\/\/www.europesays.com\/de\/wp-json\/wp\/v2\/comments?post=337167"}],"version-history":[{"count":0,"href":"https:\/\/www.europesays.com\/de\/wp-json\/wp\/v2\/posts\/337167\/revisions"}],"wp:featuredmedia":[{"embeddable":true,"href":"https:\/\/www.europesays.com\/de\/wp-json\/wp\/v2\/media\/337168"}],"wp:attachment":[{"href":"https:\/\/www.europesays.com\/de\/wp-json\/wp\/v2\/media?parent=337167"}],"wp:term":[{"taxonomy":"category","embeddable":true,"href":"https:\/\/www.europesays.com\/de\/wp-json\/wp\/v2\/categories?post=337167"},{"taxonomy":"post_tag","embeddable":true,"href":"https:\/\/www.europesays.com\/de\/wp-json\/wp\/v2\/tags?post=337167"}],"curies":[{"name":"wp","href":"https:\/\/api.w.org\/{rel}","templated":true}]}}