{"id":337711,"date":"2025-08-12T01:28:32","date_gmt":"2025-08-12T01:28:32","guid":{"rendered":"https:\/\/www.europesays.com\/de\/337711\/"},"modified":"2025-08-12T01:28:32","modified_gmt":"2025-08-12T01:28:32","slug":"u16-kommunalwahlen-2025-in-herne-halloherne-de","status":"publish","type":"post","link":"https:\/\/www.europesays.com\/de\/337711\/","title":{"rendered":"U16-Kommunalwahlen 2025 in Herne | halloherne.de"},"content":{"rendered":"<p>                <img loading=\"lazy\" decoding=\"async\" class=\"article__image__img\"   src=\"https:\/\/www.europesays.com\/de\/wp-content\/uploads\/2025\/08\/6d7d7a765c529bc7cfc05955b80d88f6.jpg\" width=\"812\" height=\"507\" alt=\"Wahlen stehen auch f\u00fcr junge Menschen an.\"\/><\/p>\n<p>                    Foto:<br \/>\n                    Pixabay                <\/p>\n<p>                    Wahlen stehen auch f\u00fcr junge Menschen an.                <\/p>\n<p>\n    In der ersten September-Woche\n<\/p>\n<p>U16-Kommunalwahlen 2025 in Herne<\/p>\n<p class=\"article__paragraph\">Herne ist aktiv bei den U16-Wahlen, die vom Montag, 1. September, bis Freitag, 5. September 2025, stattfinden. Die U16- und U18-Wahlen finden rund zwei Wochen vor der Wahl der Erwachsenen statt. Die Ergebnisse werden bundesweit gesammelt und ver\u00f6ffentlicht. Der Landesjugendring Nordrhein- Westfalen koordiniert die U16- und U18-Wahlen in Nordrhein- Westfalen seit 2012 als zentrale Koordinationsstelle.<\/p>\n<p><a class=\"article__banner__link\" href=\"https:\/\/www.halloherne.de\/out\/blink\/1128\" target=\"blank\" rel=\"nofollow noopener\"><br \/>\n    <img loading=\"lazy\" decoding=\"async\" class=\"article__banner__image\" width=\"470\" height=\"210\" src=\"https:\/\/www.europesays.com\/de\/wp-content\/uploads\/2025\/08\/2c3934ac223c2606e258ec99c54f577a.png\" alt=\"Anzeige: CDU - Kommunalwahl 2025\"\/><br \/>\n<\/a><\/p>\n<p class=\"article__paragraph\">In Herne \u00fcbernimmt die Koordination Holger H\u00f6hner-Mertmann von der Jugendf\u00f6rderung. Er ist per Tel 02323 \/ 16 &#8211; 39 61 oder per E-Mail  erreichbar. W\u00e4hrend der Aktionswoche zur U16-Kommunalwahl k\u00f6nnen junge Menschen ihre Stimme abgeben. U16-Wahllokale werden dort eingerichtet, wo sich Kinder und Jugendliche aufhalten, beispielsweise in Kinder- und Jugendfreizeiteinrichtungen, Schulen, Sportvereinen, Bibliotheken sowie auf \u00f6ffentlichen Stra\u00dfen und Pl\u00e4tzen in Form mobiler Wahllokale.<\/p>\n<p class=\"article__paragraph\">Die U16- und U18-Wahl hat das Ziel, auf die F\u00e4higkeit junger Menschen hinzuweisen, sich eine eigene Meinung zu bilden. Obwohl sie noch nicht offiziell w\u00e4hlen d\u00fcrfen, ist es entscheidend, dass sich Politiker f\u00fcr ihre Interessen einsetzen und diese ber\u00fccksichtigen. Die Wahl bietet eine Gelegenheit, politische Inhalte und Programme gemeinsam zu er\u00f6rtern. Kinder und Jugendliche werden dabei unterst\u00fctzt, Politik zu verstehen, Unterschiede in den Parteiprogrammen zu erkennen und Wahlversprechen von Politiker zu hinterfragen.<\/p>\n<p><a class=\"article__banner__link\" href=\"https:\/\/www.halloherne.de\/out\/blink\/1130\" target=\"blank\" rel=\"nofollow noopener\"><br \/>\n    <img loading=\"lazy\" decoding=\"async\" class=\"article__banner__image\" width=\"470\" height=\"210\" src=\"https:\/\/www.europesays.com\/de\/wp-content\/uploads\/2025\/08\/3e1be65b80110edc6ccd8bc5a88c8b4e.png\" alt=\"Anzeige: SPD 2 - Kommunalwahl 2025\"\/><br \/>\n<\/a><\/p>\n<p>Anmeldungen f\u00fcr Wahllokale m\u00f6glich<\/p>\n<p class=\"article__paragraph\">Anmeldungen zur Einrichtung von Wahllokalen sind ab sofort m\u00f6glich auf der <a class=\"\" href=\"https:\/\/www.ljr-nrw.de\/u16-kommunalwahlen-2025\/\" target=\"_blank\" rel=\"nofollow noopener\">Homepage Kommunalwahlen 2025<\/a> und sollten bis Donnerstag, 28. August 2025, abgeschlossen sein. Die Wahlergebnisse m\u00fcssen bis sp\u00e4testens Freitag, 5. September, um 18 Uhr von den Wahllokalen hochgeladen werden.<\/p>\n<p>                     Montag, <b>1. September<\/b> bis Freitag, <b>5. September 2025<\/b>                <\/p>\n<p>\n    Montag, 11. August 2025<br \/>\n         | Quelle: Presseb\u00fcro der Stadt Herne<\/p>\n","protected":false},"excerpt":{"rendered":"Foto: Pixabay Wahlen stehen auch f\u00fcr junge Menschen an. In der ersten September-Woche U16-Kommunalwahlen 2025 in Herne Herne&hellip;\n","protected":false},"author":2,"featured_media":337712,"comment_status":"","ping_status":"","sticky":false,"template":"","format":"standard","meta":{"footnotes":""},"categories":[1848],"tags":[3364,29,548,663,3934,3658,30,13,14,15,1209,12],"class_list":{"0":"post-337711","1":"post","2":"type-post","3":"status-publish","4":"format-standard","5":"has-post-thumbnail","7":"category-gelsenkirchen","8":"tag-de","9":"tag-deutschland","10":"tag-eu","11":"tag-europa","12":"tag-europe","13":"tag-gelsenkirchen","14":"tag-germany","15":"tag-headlines","16":"tag-nachrichten","17":"tag-news","18":"tag-nordrhein-westfalen","19":"tag-schlagzeilen"},"share_on_mastodon":{"url":"https:\/\/pubeurope.com\/@de\/115013203050588920","error":""},"_links":{"self":[{"href":"https:\/\/www.europesays.com\/de\/wp-json\/wp\/v2\/posts\/337711","targetHints":{"allow":["GET"]}}],"collection":[{"href":"https:\/\/www.europesays.com\/de\/wp-json\/wp\/v2\/posts"}],"about":[{"href":"https:\/\/www.europesays.com\/de\/wp-json\/wp\/v2\/types\/post"}],"author":[{"embeddable":true,"href":"https:\/\/www.europesays.com\/de\/wp-json\/wp\/v2\/users\/2"}],"replies":[{"embeddable":true,"href":"https:\/\/www.europesays.com\/de\/wp-json\/wp\/v2\/comments?post=337711"}],"version-history":[{"count":0,"href":"https:\/\/www.europesays.com\/de\/wp-json\/wp\/v2\/posts\/337711\/revisions"}],"wp:featuredmedia":[{"embeddable":true,"href":"https:\/\/www.europesays.com\/de\/wp-json\/wp\/v2\/media\/337712"}],"wp:attachment":[{"href":"https:\/\/www.europesays.com\/de\/wp-json\/wp\/v2\/media?parent=337711"}],"wp:term":[{"taxonomy":"category","embeddable":true,"href":"https:\/\/www.europesays.com\/de\/wp-json\/wp\/v2\/categories?post=337711"},{"taxonomy":"post_tag","embeddable":true,"href":"https:\/\/www.europesays.com\/de\/wp-json\/wp\/v2\/tags?post=337711"}],"curies":[{"name":"wp","href":"https:\/\/api.w.org\/{rel}","templated":true}]}}