{"id":337821,"date":"2025-08-12T02:30:28","date_gmt":"2025-08-12T02:30:28","guid":{"rendered":"https:\/\/www.europesays.com\/de\/337821\/"},"modified":"2025-08-12T02:30:28","modified_gmt":"2025-08-12T02:30:28","slug":"josh-duhamel-er-verraet-details-ueber-gemeinsamen-sohn-mit-fergie","status":"publish","type":"post","link":"https:\/\/www.europesays.com\/de\/337821\/","title":{"rendered":"Josh Duhamel: Er verr\u00e4t Details \u00fcber gemeinsamen Sohn mit Fergie"},"content":{"rendered":"<p>Josh Duhamel<br \/>\nAbsolute Rarit\u00e4t! Er verr\u00e4t Details \u00fcber gemeinsamen Sohn mit Fergie<\/p>\n<p><img class=\"image image-element__image\"   src=\"https:\/\/www.europesays.com\/de\/wp-content\/uploads\/2025\/08\/josh-duhamel.jpg\" alt=\"Josh Duhamel: Er verr\u00e4t Details \u00fcber gemeinsamen Sohn mit Fergie\" decoding=\"async\" fetchpriority=\"high\" loading=\"eager\"\/><br \/>\n<a href=\"https:\/\/image.gala.de\/24433184\/t\/ou\/v3\/w2048\/r1.5\/-\/josh-duhamel.jpg#Jason%20Howard%20%2F%20Bauer-Griffin%20%2F%20Getty%20Images\" class=\"image__magnifier\" aria-label=\"Vergr\u00f6\u00dfern\" rel=\"nofollow noopener\" target=\"_blank\"><\/p>\n<p>\u00a9 Jason Howard \/ Bauer-Griffin \/ Getty Images<\/p>\n<p>\nSchauspieler Josh Duhamel hat in einem Interview \u00fcberraschend offen Details \u00fcber den gemeinsamen Sohn mit S\u00e4ngerin Fergie verraten und welche \u00c4ngste ihn bei der Erziehung eines baldigen Teenagers besonders umtreiben. <\/p>\n<p class=\"text-element u-richtext u-typo u-typo--article-text article__text-element text-element--context-article\"> Das kam unerwartet f\u00fcr Schauspieler <a class=\"link--person\" data-target-type=\"article\" href=\"https:\/\/www.gala.de\/stars\/starportraets\/josh-duhamel-20523182.html\" rel=\"nofollow noopener\" target=\"_blank\">Josh Duhamel<\/a>, 52. In einem Interview verr\u00e4t er, welche Entwicklung sein Sohn Axl, 11, den er mit Ex-Frau <a class=\"link--person\" data-target-type=\"article\" href=\"https:\/\/www.gala.de\/stars\/starportraets\/fergie-20528916.html\" rel=\"nofollow noopener\" target=\"_blank\">Fergie<\/a>, 50, teilt, gerade durchmacht \u2013 und zieht dabei scherzhaft einen Vergleich zu seinem erst 18 Monate alten Baby. Ob dem Elfj\u00e4hrigen dieser gefallen wird?<\/p>\n<p>Absolute Seltenheit! Josh Duhamel verr\u00e4t Details \u00fcber gemeinsamen Sohn mit Fergie<\/p>\n<p class=\"text-element u-richtext u-typo u-typo--article-text article__text-element text-element--context-article\"> Axl wird am 30. August gerade einmal zw\u00f6lf Jahre alt. Doch schon jetzt m\u00fcssen sich Duhamel und Fergie mit den ersten Teenager-All\u00fcren auseinandersetzen. In einem Interview mit &#8222;People&#8220; berichtet der Schauspieler nicht nur davon, wie er seinen \u00c4ltesten schon jetzt langsam ans Autofahren heranf\u00fchrt, sondern vor allem auch von der Entwicklung des Jungen zu einem Teenager: &#8222;Ich habe einen Elfj\u00e4hrigen, der gerade in Minnesota im Camp war und ein M\u00e4dchen kennengelernt hat, das er wirklich mag.&#8220; Ein M\u00e4dchen, das er gern wiedersehen m\u00f6chte. &#8222;Ich sage dann: &#8218;Junge! Du bist noch nicht mal 12!&#8216; Das wird also unter Aufsicht der Eltern stattfinden&#8220;, versichert der Schauspieler, der neben dem elfj\u00e4hrigen Axl noch Sohn Shepherd, 18 Monate, mit Ehefrau <a class=\"\" data-target-type=\"article\" href=\"https:\/\/www.gala.de\/stars\/news\/l_a__news\/themen\/audra-mari-22233148.html\" target=\"_self\" rel=\"nofollow noopener\">Audra Mari<\/a>, 31, teilt.\u00a0<\/p>\n<p>&#8222;Ich hoffe, dass der Elfj\u00e4hrige &#8230;&#8220;<\/p>\n<p class=\"text-element u-richtext u-typo u-typo--article-text article__text-element text-element--context-article\"> Die Situation sei &#8222;f\u00fcr mich als Elternteil sowieso neu. Aber ich verstehe es, ich habe es schon selbst erlebt.&#8220; Einen Seitenhieb gegen seinen \u00c4ltesten kann er sich dann aber doch nicht verkneifen. &#8222;Ich habe ein 18 Monate altes Baby, das immer noch in die Hose macht, und ich hoffe einfach, dass es nicht umgekehrt ist. Ich hoffe, dass der Elfj\u00e4hrige bei seinem ersten Date nicht in die Hose macht. Das w\u00e4re schrecklich.&#8220;\u00a0<\/p>\n<p class=\"text-element u-richtext u-typo u-typo--article-text article__text-element text-element--context-article\"> Diese Angst ist vermutlich unbegr\u00fcndet. Eine viel realere Angst, die laut Josh Duhamel vermutlich alle Eltern haben, scheint da viel angebrachter: der Moment, wenn die eigenen Kinder zu Autofahrer:innen werden. &#8222;Ich werde ein nerv\u00f6ses Wrack sein, ich meine, wie alle Eltern. Ich vermute, meine Mutter war ein nerv\u00f6ses Wrack. Ich wusste nur nichts davon.&#8220; Zum Gl\u00fcck hat er bis dahin noch ein paar Jahre Zeit.\u00a0<\/p>\n<p class=\"text-element u-richtext u-typo u-typo--article-text article__text-element text-element--context-article\"> Verwendete Quellen: people.com, instagram.com<\/p>\n<p>\njko<br \/>\nGala\n<\/p>\n<p>#Themen<\/p>\n<p><script async src=\"\/\/www.instagram.com\/embed.js\"><\/script><\/p>\n","protected":false},"excerpt":{"rendered":"Josh Duhamel Absolute Rarit\u00e4t! Er verr\u00e4t Details \u00fcber gemeinsamen Sohn mit Fergie \u00a9 Jason Howard \/ Bauer-Griffin \/&hellip;\n","protected":false},"author":2,"featured_media":337822,"comment_status":"","ping_status":"","sticky":false,"template":"","format":"standard","meta":{"footnotes":""},"categories":[1776],"tags":[1801,29,214,30,1802,215],"class_list":{"0":"post-337821","1":"post","2":"type-post","3":"status-publish","4":"format-standard","5":"has-post-thumbnail","7":"category-prominente","8":"tag-celebrities","9":"tag-deutschland","10":"tag-entertainment","11":"tag-germany","12":"tag-prominente","13":"tag-unterhaltung"},"share_on_mastodon":{"url":"https:\/\/pubeurope.com\/@de\/115013447099501844","error":""},"_links":{"self":[{"href":"https:\/\/www.europesays.com\/de\/wp-json\/wp\/v2\/posts\/337821","targetHints":{"allow":["GET"]}}],"collection":[{"href":"https:\/\/www.europesays.com\/de\/wp-json\/wp\/v2\/posts"}],"about":[{"href":"https:\/\/www.europesays.com\/de\/wp-json\/wp\/v2\/types\/post"}],"author":[{"embeddable":true,"href":"https:\/\/www.europesays.com\/de\/wp-json\/wp\/v2\/users\/2"}],"replies":[{"embeddable":true,"href":"https:\/\/www.europesays.com\/de\/wp-json\/wp\/v2\/comments?post=337821"}],"version-history":[{"count":0,"href":"https:\/\/www.europesays.com\/de\/wp-json\/wp\/v2\/posts\/337821\/revisions"}],"wp:featuredmedia":[{"embeddable":true,"href":"https:\/\/www.europesays.com\/de\/wp-json\/wp\/v2\/media\/337822"}],"wp:attachment":[{"href":"https:\/\/www.europesays.com\/de\/wp-json\/wp\/v2\/media?parent=337821"}],"wp:term":[{"taxonomy":"category","embeddable":true,"href":"https:\/\/www.europesays.com\/de\/wp-json\/wp\/v2\/categories?post=337821"},{"taxonomy":"post_tag","embeddable":true,"href":"https:\/\/www.europesays.com\/de\/wp-json\/wp\/v2\/tags?post=337821"}],"curies":[{"name":"wp","href":"https:\/\/api.w.org\/{rel}","templated":true}]}}