{"id":338157,"date":"2025-08-12T05:43:11","date_gmt":"2025-08-12T05:43:11","guid":{"rendered":"https:\/\/www.europesays.com\/de\/338157\/"},"modified":"2025-08-12T05:43:11","modified_gmt":"2025-08-12T05:43:11","slug":"defektes-stellwerk-bahnstrecke-rheda-muenster-betroffen","status":"publish","type":"post","link":"https:\/\/www.europesays.com\/de\/338157\/","title":{"rendered":"Defektes Stellwerk: Bahnstrecke Rheda &#8211; M\u00fcnster betroffen"},"content":{"rendered":"<p>Aktuell fahren zwischen Rheda-Wiedenbr\u00fcck und M\u00fcnster keine Z\u00fcge. Grund ist ein defektes Stellwerk.<\/p>\n<p>Rheda-Wiedenbr\u00fcck\/Warendorf\/M\u00fcnster (gl) &#8211; Die Bahnstrecke zwischen Rheda-Wiedenbr\u00fcck und M\u00fcnster ist aktuell laut Zuginfo NRW nicht befahrbar. Grund daf\u00fcr ist ein defektes Stellwerk. Betroffen ist die RB 67 von Bielefeld nach M\u00fcnster. Wie lange die Behebung dauert, sei noch nicht abzusehen.<\/p>\n<p>Texte und Fotos von die-glocke.de sind urheberrechtlich gesch\u00fctzt.<br \/>\n            Weiterverwendung nur mit Genehmigung der Chefredaktion.<\/p>\n","protected":false},"excerpt":{"rendered":"Aktuell fahren zwischen Rheda-Wiedenbr\u00fcck und M\u00fcnster keine Z\u00fcge. Grund ist ein defektes Stellwerk. Rheda-Wiedenbr\u00fcck\/Warendorf\/M\u00fcnster (gl) &#8211; Die Bahnstrecke&hellip;\n","protected":false},"author":2,"featured_media":338158,"comment_status":"","ping_status":"","sticky":false,"template":"","format":"standard","meta":{"footnotes":""},"categories":[1843],"tags":[3364,29,30,8970,1209],"class_list":{"0":"post-338157","1":"post","2":"type-post","3":"status-publish","4":"format-standard","5":"has-post-thumbnail","7":"category-muenster","8":"tag-de","9":"tag-deutschland","10":"tag-germany","11":"tag-muenster","12":"tag-nordrhein-westfalen"},"share_on_mastodon":{"url":"https:\/\/pubeurope.com\/@de\/115014206076276905","error":""},"_links":{"self":[{"href":"https:\/\/www.europesays.com\/de\/wp-json\/wp\/v2\/posts\/338157","targetHints":{"allow":["GET"]}}],"collection":[{"href":"https:\/\/www.europesays.com\/de\/wp-json\/wp\/v2\/posts"}],"about":[{"href":"https:\/\/www.europesays.com\/de\/wp-json\/wp\/v2\/types\/post"}],"author":[{"embeddable":true,"href":"https:\/\/www.europesays.com\/de\/wp-json\/wp\/v2\/users\/2"}],"replies":[{"embeddable":true,"href":"https:\/\/www.europesays.com\/de\/wp-json\/wp\/v2\/comments?post=338157"}],"version-history":[{"count":0,"href":"https:\/\/www.europesays.com\/de\/wp-json\/wp\/v2\/posts\/338157\/revisions"}],"wp:featuredmedia":[{"embeddable":true,"href":"https:\/\/www.europesays.com\/de\/wp-json\/wp\/v2\/media\/338158"}],"wp:attachment":[{"href":"https:\/\/www.europesays.com\/de\/wp-json\/wp\/v2\/media?parent=338157"}],"wp:term":[{"taxonomy":"category","embeddable":true,"href":"https:\/\/www.europesays.com\/de\/wp-json\/wp\/v2\/categories?post=338157"},{"taxonomy":"post_tag","embeddable":true,"href":"https:\/\/www.europesays.com\/de\/wp-json\/wp\/v2\/tags?post=338157"}],"curies":[{"name":"wp","href":"https:\/\/api.w.org\/{rel}","templated":true}]}}