{"id":338494,"date":"2025-08-12T08:50:10","date_gmt":"2025-08-12T08:50:10","guid":{"rendered":"https:\/\/www.europesays.com\/de\/338494\/"},"modified":"2025-08-12T08:50:10","modified_gmt":"2025-08-12T08:50:10","slug":"endspurt-beim-maschseefest-2025-einzigartiger-impuls-fuer-niedersachsen","status":"publish","type":"post","link":"https:\/\/www.europesays.com\/de\/338494\/","title":{"rendered":"Endspurt beim Maschseefest 2025 &#8211; einzigartiger Impuls f\u00fcr Niedersachsen!"},"content":{"rendered":"<p class=\"font-sans font-medium\">Hannover. <\/p>\n<p class=\"\">Mit dem Hamborger Veermaster weht ein Hauch Hamburg an den Maschsee, das Ohana Beach bringt hawaiianisches Flair, Skandinavien l\u00e4sst auch gr\u00fc\u00dfen und mediterrane Atmosph\u00e4re geh\u00f6rt hier ohnehin zum Selbstverst\u00e4ndnis &#8211; erg\u00e4nzt um ein kulinarisches Angebot, das kaum W\u00fcnsche offenl\u00e4sst. Von allem etwas, aber eines ganz gewiss: Das Maschseefest ist nicht nur f\u00fcr die Region Hannover ein wichtiger Impuls, sondern dar\u00fcber hinaus auch f\u00fcr Niedersachsen von einmaliger Bedeutung.<\/p>\n<p class=\"\"><strong>1,4 Millionen G\u00e4ste, dank Sommer-Comeback <\/strong><\/p>\n<p class=\"\">Aktuell z\u00e4hlt das Maschseefest rund 1,4 Millionen Besucherinnen und Besucher &#8211; nicht zuletzt dank der R\u00fcckkehr des Sommers am vergangenen Wochenende. Damit ist das Fest aus dem Veranstaltungskalender des Landes nicht mehr wegzudenken. Der bisher besucherst\u00e4rkste Tag war der Samstag mit etwa 230.000 G\u00e4sten &#8211; exakt auf dem Niveau des Vorjahres.<\/p>\n<p class=\"\">Ein besonderes Highlight: das Fackelschwimmen am zweiten Festsamstagabend. 120 Schwimmerinnen und Schwimmer gingen ins Wasser, die j\u00fcngste Teilnehmerin war gerade einmal zehn Jahre alt &#8211; und meisterte die gesamte Strecke.<\/p>\n<p class=\"\">Stephan Weil, 2006 bis 2013 Oberb\u00fcrgermeister der Landeshauptstadt Hannover und von 2013 bis Mai 2025 nieders\u00e4chsischer Ministerpr\u00e4sident:<\/p>\n<p class=\"\">&#8222;Das Maschseefest ist aus Hannover und der Region nicht wegzudenken &#8211; 1,4 Millionen Besucher und Besucherinnen haben das jetzt schon bewiesen. Und Sie wissen warum: An einem lauen Sommerabend dort zu flanieren ist Genuss pur. Es gibt viel zu entdecken: Mein pers\u00f6nlicher Lieblingsplatz ist schon lange die L\u00f6wenbastion mit dem Blick zum Nordufer. Dort befindet sich nat\u00fcrlich auch mein Lieblingsimbiss von der Streetfood Meile.&#8220;<\/p>\n<p class=\"\"><strong>Neue Konzepte erfolgreich etabliert<\/strong><\/p>\n<p class=\"\">Die Aperitivo Bay am Westufer hat sich bereits im ersten Jahr fest etabliert. Auch der Genuss-Geibel hat sich schnell als feste Gr\u00f6\u00dfe am Maschsee erwiesen.<\/p>\n<p class=\"\">Noch bis Sonntag d\u00fcrfen sich G\u00e4ste auf viele weitere Programmpunkte und sommerliche Temperaturen freuen.<\/p>\n<p class=\"\">Pressekontakt: Ela Windels Hannover Marketing und Tourismus GmbH Vahrenwalder Stra\u00dfe 7 30165 Hannover 0511 &#8211; 123490-26 presse@hannover-marketing.de<\/p>\n<p class=\"\">Weiteres Material: <a href=\"https:\/\/www.presseportal.de\/pm\/171861\/6095161\" rel=\"nofollow noopener\" target=\"_blank\">www.presseportal.de<\/a> Quelle:            Hannover Veranstaltungs GmbH (HVG)<\/p>\n","protected":false},"excerpt":{"rendered":"Hannover. Mit dem Hamborger Veermaster weht ein Hauch Hamburg an den Maschsee, das Ohana Beach bringt hawaiianisches Flair,&hellip;\n","protected":false},"author":2,"featured_media":338495,"comment_status":"","ping_status":"","sticky":false,"template":"","format":"standard","meta":{"footnotes":""},"categories":[1836],"tags":[3364,29,30,46,1411],"class_list":{"0":"post-338494","1":"post","2":"type-post","3":"status-publish","4":"format-standard","5":"has-post-thumbnail","7":"category-hannover","8":"tag-de","9":"tag-deutschland","10":"tag-germany","11":"tag-hannover","12":"tag-niedersachsen"},"share_on_mastodon":{"url":"https:\/\/pubeurope.com\/@de\/115014941110073226","error":""},"_links":{"self":[{"href":"https:\/\/www.europesays.com\/de\/wp-json\/wp\/v2\/posts\/338494","targetHints":{"allow":["GET"]}}],"collection":[{"href":"https:\/\/www.europesays.com\/de\/wp-json\/wp\/v2\/posts"}],"about":[{"href":"https:\/\/www.europesays.com\/de\/wp-json\/wp\/v2\/types\/post"}],"author":[{"embeddable":true,"href":"https:\/\/www.europesays.com\/de\/wp-json\/wp\/v2\/users\/2"}],"replies":[{"embeddable":true,"href":"https:\/\/www.europesays.com\/de\/wp-json\/wp\/v2\/comments?post=338494"}],"version-history":[{"count":0,"href":"https:\/\/www.europesays.com\/de\/wp-json\/wp\/v2\/posts\/338494\/revisions"}],"wp:featuredmedia":[{"embeddable":true,"href":"https:\/\/www.europesays.com\/de\/wp-json\/wp\/v2\/media\/338495"}],"wp:attachment":[{"href":"https:\/\/www.europesays.com\/de\/wp-json\/wp\/v2\/media?parent=338494"}],"wp:term":[{"taxonomy":"category","embeddable":true,"href":"https:\/\/www.europesays.com\/de\/wp-json\/wp\/v2\/categories?post=338494"},{"taxonomy":"post_tag","embeddable":true,"href":"https:\/\/www.europesays.com\/de\/wp-json\/wp\/v2\/tags?post=338494"}],"curies":[{"name":"wp","href":"https:\/\/api.w.org\/{rel}","templated":true}]}}