{"id":338851,"date":"2025-08-12T12:08:17","date_gmt":"2025-08-12T12:08:17","guid":{"rendered":"https:\/\/www.europesays.com\/de\/338851\/"},"modified":"2025-08-12T12:08:17","modified_gmt":"2025-08-12T12:08:17","slug":"zuflucht-im-ernstfall-kein-einziger-bunker-im-osten-deutschlands-politik","status":"publish","type":"post","link":"https:\/\/www.europesays.com\/de\/338851\/","title":{"rendered":"Zuflucht im Ernstfall: Kein einziger Bunker im Osten Deutschlands! | Politik"},"content":{"rendered":"<p>Magdeburg\u00a0\u2013 <b>Zu wenig Schutz, kein Plan \u2013 und Ostdeutschland schaut komplett in die R\u00f6hre! 579 \u00f6ffentliche <\/b><a href=\"https:\/\/www.bild.de\/bild-plus\/politik\/inland\/politik-inland\/warnung-vor-russen-angriff-wie-gut-ist-deutschland-vorbereitet-86707772.bild.html\" class=\"text-link\" rel=\"nofollow noopener\" target=\"_blank\"><b>Schutzr\u00e4ume<\/b><\/a><b> gibt es derzeit in Deutschland. Bunker, die im Ernstfall Leben retten sollen. Doch alle stehen im Westen. Im Osten: kein einziger! <\/b><\/p>\n<p>R\u00fcdiger Erben (57), <a href=\"https:\/\/www.bild.de\/politik\/inland\/spd\/spd-alle-infos-76661710.bild.html\" class=\"text-link\" rel=\"nofollow noopener\" target=\"_blank\">SPD<\/a>-Innenexperte im Magdeburger Landtag, erkl\u00e4rt: \u201eDass es in der DDR viele Schutzr\u00e4ume gab, ist ein Mythos.\u201c Bei den Ost-Bunkern \u201ehandelte es sich vor allem um Ausweich-F\u00fchrungsstellen f\u00fcr Polizei, Stasi, SED-Kreisleitung, selten um Schutzr\u00e4ume f\u00fcr die Bev\u00f6lkerung.\u201c Und: Die Anlagen wurden nach der Wende nicht \u00fcbernommen und stehen daher nicht mehr als Schutzr\u00e4ume zur Verf\u00fcgung. <\/p>\n<p>Mehr zum Thema<\/p>\n<p>\u25ba<b> <\/b>Beispiel <a href=\"https:\/\/www.bild.de\/regional\/sachsen-anhalt\/sachsen-anhalt\/home-54527072.bild.html\" class=\"text-link\" rel=\"nofollow noopener\" target=\"_blank\">Sachsen-Anhalt<\/a>: Das Land hat mehr als zwei Millionen Einwohner, aber keinen einzigen \u00f6ffentlichen Bunker. Sachsen-Anhalts Innenministerin Tamara Zieschang (54, <a href=\"https:\/\/www.bild.de\/politik\/inland\/cdu\/cdu-csu-alle-infos-76661590.bild.html\" class=\"text-link\" rel=\"nofollow noopener\" target=\"_blank\">CDU<\/a>) schl\u00e4gt deshalb Alarm. Sie und ihre Kollegen aus den anderen L\u00e4ndern haben den Bund mehrfach gebeten, ein modernes Schutzraumkonzept vorzulegen. <\/p>\n<p>So viele Bunker gibt es derzeit in Deutschland<\/p>\n<p>Wie n\u00f6tig das ist, belegen diese Zahlen. BILD listet auf, wo sich die 579 verbliebenen Schutzr\u00e4ume befinden und wie vielen Menschen sie Schutz bieten k\u00f6nnten.<\/p>\n<tr>BundeslandAnzahl der BunkerGesamtzahl Schutzpl\u00e4tzeEinwohner je platz<\/tr>\n<tr>\n<td>Baden-W\u00fcrttemberg<\/td>\n<td>212<\/td>\n<td>173.906<\/td>\n<td>65<\/td>\n<\/tr>\n<tr>\n<td>Bayern<\/td>\n<td>150<\/td>\n<td>96.458<\/td>\n<td>139<\/td>\n<\/tr>\n<tr>\n<td>Niedersachsen<\/td>\n<td>54<\/td>\n<td>24.615<\/td>\n<td>332<\/td>\n<\/tr>\n<tr>\n<td>Nordrhein-Westfalen<\/td>\n<td>48<\/td>\n<td>66.323<\/td>\n<td>274<\/td>\n<\/tr>\n<tr>\n<td>Saarland<\/td>\n<td>42<\/td>\n<td>34.169<\/td>\n<td>29<\/td>\n<\/tr>\n<tr>\n<td>Hamburg <\/td>\n<td>33<\/td>\n<td>33.618<\/td>\n<td>57<\/td>\n<\/tr>\n<tr>\n<td>Hessen<\/td>\n<td>15<\/td>\n<td>33.098<\/td>\n<td>194<\/td>\n<\/tr>\n<tr>\n<td>Schleswig-Holstein<\/td>\n<td>14<\/td>\n<td>9.771<\/td>\n<td>304<\/td>\n<\/tr>\n<tr>\n<td>Rheinland-Pfalz<\/td>\n<td>5<\/td>\n<td>1.066<\/td>\n<td>3916<\/td>\n<\/tr>\n<tr>\n<td>Berlin<\/td>\n<td>4<\/td>\n<td>4.080<\/td>\n<td>927<\/td>\n<\/tr>\n<tr>\n<td>Bremen<\/td>\n<td>2<\/td>\n<td>489<\/td>\n<td>1415<\/td>\n<\/tr>\n<tr>\n<td>Sachsen-Anhalt<\/td>\n<td>0<\/td>\n<td>0<\/td>\n<td>0<\/td>\n<\/tr>\n<tr>\n<td>Sachsen<\/td>\n<td>0<\/td>\n<td>0<\/td>\n<td>0<\/td>\n<\/tr>\n<tr>\n<td>Th\u00fcringen<\/td>\n<td>0<\/td>\n<td>0<\/td>\n<td>0<\/td>\n<\/tr>\n<tr>\n<td>Brandenburg <\/td>\n<td>0<\/td>\n<td>0<\/td>\n<td>0<\/td>\n<\/tr>\n<tr>\n<td>Mecklenburg-Vorpommern<\/td>\n<td>0<\/td>\n<td>0<\/td>\n<td>0<\/td>\n<\/tr>\n<tr>\n<td>Deutschland <\/td>\n<td>579<\/td>\n<td>477.593<\/td>\n<td>177<\/td>\n<\/tr>\n<p><b>Fakt ist: Auch in <\/b><a href=\"https:\/\/www.bild.de\/regional\/sachsen\/home-iIn0kpu2E59hLqZmJPC6\" class=\"text-link\" rel=\"nofollow noopener\" target=\"_blank\"><b>Sachsen<\/b><\/a><b>, <\/b><a href=\"https:\/\/www.bild.de\/regional\/thueringen\/thueringen-regional\/home-56970326.bild.html\" class=\"text-link\" rel=\"nofollow noopener\" target=\"_blank\"><b>Th\u00fcringen<\/b><\/a><b>, <\/b><a href=\"https:\/\/www.bild.de\/regional\/brandenburg\/home-4iuSIwgeKB4eBkcDkDKD\" class=\"text-link\" rel=\"nofollow noopener\" target=\"_blank\"><b>Brandenburg<\/b><\/a><b> und <\/b><a href=\"https:\/\/www.bild.de\/regional\/mecklenburg-vorpommern\/mecklenburg-vorpommern\/home-62716054.bild.html\" class=\"text-link\" rel=\"nofollow noopener\" target=\"_blank\"><b>Mecklenburg-Vorpommern<\/b><\/a><b> gibt es keinen einzigen Bunker. Der gesamte Osten kommt in der Statistik der Bundesanstalt f\u00fcr Immobilienaufgaben nicht vor. <\/b><\/p>\n<p>Jetzt soll sich das \u00e4ndern. Ralph Tiesler (65), Pr\u00e4sident des Bundesamts f\u00fcr Bev\u00f6lkerungsschutz und Katastrophenhilfe (BBK), will eine Million neue Schutzpl\u00e4tze schaffen. In Tiefgaragen, Tunneln, Kellern von Kaufh\u00e4usern.<\/p>\n<p>Landbev\u00f6lkerung profitiert nicht davon<\/p>\n<p>\u25ba Doch in Sachsen-Anhalt w\u00e4chst die Skepsis. Denn die ins Auge gefassten R\u00e4ume gibt es nur in gro\u00dfen St\u00e4dten. \u201eDie Bev\u00f6lkerung, die jedoch \u00fcberwiegend auf dem Lande lebt, w\u00fcrde davon kaum profitieren\u201c, kritisiert Innenministerin Zieschang in der \u201eVolksstimme\u201c.<\/p>\n<p><img decoding=\"async\" width=\"992\" height=\"558\" alt=\"Der bekannteste Bunker in Rheinland-Pfalz ist der ehemalige Regierungsbunker bei Bad Neuenahr-Ahrweiler\" src=\"https:\/\/www.europesays.com\/de\/wp-content\/uploads\/2025\/08\/124ddfa9a97aa782af7fe20885d3bfd4,ef4dae10\"   class=\"landscape\" loading=\"lazy\"\/><\/p>\n<p class=\"fig__caption__text\">Der bekannteste Bunker in Rheinland-Pfalz ist der ehemalige Regierungsbunker bei Bad Neuenahr-Ahrweiler<\/p>\n<p>Foto: imago\/JOKER<\/p>\n<p>W\u00e4re ein Bunker-Bauprogramm f\u00fcr Deutschland die L\u00f6sung? SPD-Politiker R\u00fcdiger Erben  sagt BILD: \u201eIch halte nichts davon. Besser ist in der Tat eine Doppelnutzung bereits vorhandener Bauwerke, etwa Tiefgaragen oder Keller \u00f6ffentlicher Geb\u00e4ude. Dort m\u00fcssen allerdings Toiletten eingebaut und Feldbetten eingelagert werden.\u201c<\/p>\n<p><b>Sein Vorschlag: Der Bund stellt aus dem Sonderverm\u00f6gen das Geld bereit. Die Landkreise k\u00fcmmern sich um die Umsetzung. \u201eDie kennen sich mit den Gegebenheiten am besten aus.\u201c Ob es so kommt? Zumindest erarbeitet eine Bund-L\u00e4nder-Arbeitsgruppe inzwischen ein neues Schutzraumkonzept.<\/b><\/p>\n","protected":false},"excerpt":{"rendered":"Magdeburg\u00a0\u2013 Zu wenig Schutz, kein Plan \u2013 und Ostdeutschland schaut komplett in die R\u00f6hre! 579 \u00f6ffentliche Schutzr\u00e4ume gibt&hellip;\n","protected":false},"author":2,"featured_media":338852,"comment_status":"","ping_status":"","sticky":false,"template":"","format":"standard","meta":{"footnotes":""},"categories":[155],"tags":[59111,8920,31,29,214,30,4046,860,3931,45,215],"class_list":{"0":"post-338851","1":"post","2":"type-post","3":"status-publish","4":"format-standard","5":"has-post-thumbnail","7":"category-unterhaltung","8":"tag-bundesamt-fuer-bevoelkerungsschutz-und-katastrophenhilfe","9":"tag-bunker","10":"tag-cdu","11":"tag-deutschland","12":"tag-entertainment","13":"tag-germany","14":"tag-krieg","15":"tag-sachsen-anhalt","16":"tag-sicherheit","17":"tag-texttospeech","18":"tag-unterhaltung"},"share_on_mastodon":{"url":"https:\/\/pubeurope.com\/@de\/115015719773913419","error":""},"_links":{"self":[{"href":"https:\/\/www.europesays.com\/de\/wp-json\/wp\/v2\/posts\/338851","targetHints":{"allow":["GET"]}}],"collection":[{"href":"https:\/\/www.europesays.com\/de\/wp-json\/wp\/v2\/posts"}],"about":[{"href":"https:\/\/www.europesays.com\/de\/wp-json\/wp\/v2\/types\/post"}],"author":[{"embeddable":true,"href":"https:\/\/www.europesays.com\/de\/wp-json\/wp\/v2\/users\/2"}],"replies":[{"embeddable":true,"href":"https:\/\/www.europesays.com\/de\/wp-json\/wp\/v2\/comments?post=338851"}],"version-history":[{"count":0,"href":"https:\/\/www.europesays.com\/de\/wp-json\/wp\/v2\/posts\/338851\/revisions"}],"wp:featuredmedia":[{"embeddable":true,"href":"https:\/\/www.europesays.com\/de\/wp-json\/wp\/v2\/media\/338852"}],"wp:attachment":[{"href":"https:\/\/www.europesays.com\/de\/wp-json\/wp\/v2\/media?parent=338851"}],"wp:term":[{"taxonomy":"category","embeddable":true,"href":"https:\/\/www.europesays.com\/de\/wp-json\/wp\/v2\/categories?post=338851"},{"taxonomy":"post_tag","embeddable":true,"href":"https:\/\/www.europesays.com\/de\/wp-json\/wp\/v2\/tags?post=338851"}],"curies":[{"name":"wp","href":"https:\/\/api.w.org\/{rel}","templated":true}]}}