{"id":339060,"date":"2025-08-12T14:02:20","date_gmt":"2025-08-12T14:02:20","guid":{"rendered":"https:\/\/www.europesays.com\/de\/339060\/"},"modified":"2025-08-12T14:02:20","modified_gmt":"2025-08-12T14:02:20","slug":"aol-schaltet-ende-september-internet-zugang-per-modem-ab","status":"publish","type":"post","link":"https:\/\/www.europesays.com\/de\/339060\/","title":{"rendered":"AOL schaltet Ende September Internet-Zugang per Modem ab"},"content":{"rendered":"<p class=\"metatextline\">Stand: 12.08.2025 14:07 Uhr<\/p>\n<p class=\"textabsatz columns twelve  m-ten  m-offset-one l-eight l-offset-two\">\n        <strong>Wie viele Menschen in den USA sich noch \u00fcber ein Modem ins Internet einw\u00e4hlten, ist unklar. Der Internetdienstleister AOL stellt seine Einwahl \u00fcber Modem jedenfalls Ende September endg\u00fcltig ein.<\/strong>\n    <\/p>\n<p class=\"textabsatz m-ten m-offset-one l-eight l-offset-two columns twelve\">\nDer Anbieter AOL stellt Ende September den Internetzugang per Modem in den USA ein. &#8222;AOL evaluiert regelm\u00e4\u00dfig seine Produkte und Dienstleistungen und hat beschlossen, das Einwahl-Internet einzustellen&#8220;, erkl\u00e4rte das Unternehmen. Damit geht eine \u00c4ra zu Ende.<\/p>\n<p class=\"textabsatz m-ten m-offset-one l-eight l-offset-two columns twelve\">\nZwischenzeitlich war AOL eines der gr\u00f6\u00dften Technologieunternehmen und wichtigster Anbieter solcher Zug\u00e4nge, sp\u00e4ter wurden Einwahlverbindungen jedoch durch schnellere DSL- und Glasfaserleitungen ersetzt. In Deutschland erlangte AOL mit einer Fernsehwerbung mit dem fr\u00fcheren Tennis-Star Boris Becker und dem Spruch &#8222;Ich bin drin&#8220; Bekanntheit.<\/p>\n<p>    Unklar, wie viele Menschen Einwahl noch nutzen<\/p>\n<p class=\"textabsatz m-ten m-offset-one l-eight l-offset-two columns twelve\">\nAOL gab nicht an, wie viele Nutzerinnen und Nutzer von dem Schritt betroffen sein werden. Der US-Sender CNBC berichtete, dass die Zahl der Nutzer von Einwahlverbindungen von rund 2,1 Millionen im Jahr 2015 auf nur noch wenige Tausend im Jahr 2021 gesunken sei.<\/p>\n<p class=\"textabsatz m-ten m-offset-one l-eight l-offset-two columns twelve\">\nLaut Daten des Census Bureau nutzten in den USA im Jahr 2023 noch \u00fcber 163.000 Haushalte ausschlie\u00dflich Einwahlverbindungen, um online zu gehen. Das entspreche aber nur 0,1 Prozent der Haushalte mit Internetverbindung.<\/p>\n<p class=\"textabsatz m-ten m-offset-one l-eight l-offset-two columns twelve\">\nAuch andere Relikte der fr\u00fchen Internet-Jahre verschwinden allm\u00e4hlich: Microsoft stellte Anfang des Jahres den Videodienst Skype ein, ebenso wie bereits 2022 den <a href=\"https:\/\/www.tagesschau.de\/wirtschaft\/digitales\/microsoft-internet-explorer-edge-101.html\" title=\"Internet Explorer geht in Rente - nach einem Vierteljahrhundert\" rel=\"nofollow noopener\" target=\"_blank\">Webbrowser Internet Explorer<\/a>. AOL beendete seinen popul\u00e4ren Instant Messenger 2017. Der war von modernen Messaging-Diensten verdr\u00e4ngt worden.<\/p>\n","protected":false},"excerpt":{"rendered":"Stand: 12.08.2025 14:07 Uhr Wie viele Menschen in den USA sich noch \u00fcber ein Modem ins Internet einw\u00e4hlten,&hellip;\n","protected":false},"author":2,"featured_media":339061,"comment_status":"","ping_status":"","sticky":false,"template":"","format":"standard","meta":{"footnotes":"","_share_on_mastodon":"0"},"categories":[5],"tags":[331,332,3364,29,30,13,198,95235,14,15,12],"class_list":["post-339060","post","type-post","status-publish","format-standard","has-post-thumbnail","category-nachrichten","tag-aktuelle-nachrichten","tag-aktuelle-news","tag-de","tag-deutschland","tag-germany","tag-headlines","tag-internet","tag-internetanbieter","tag-nachrichten","tag-news","tag-schlagzeilen"],"share_on_mastodon":{"url":"https:\/\/pubeurope.com\/@de\/115016168025960374","error":""},"_links":{"self":[{"href":"https:\/\/www.europesays.com\/de\/wp-json\/wp\/v2\/posts\/339060","targetHints":{"allow":["GET"]}}],"collection":[{"href":"https:\/\/www.europesays.com\/de\/wp-json\/wp\/v2\/posts"}],"about":[{"href":"https:\/\/www.europesays.com\/de\/wp-json\/wp\/v2\/types\/post"}],"author":[{"embeddable":true,"href":"https:\/\/www.europesays.com\/de\/wp-json\/wp\/v2\/users\/2"}],"replies":[{"embeddable":true,"href":"https:\/\/www.europesays.com\/de\/wp-json\/wp\/v2\/comments?post=339060"}],"version-history":[{"count":0,"href":"https:\/\/www.europesays.com\/de\/wp-json\/wp\/v2\/posts\/339060\/revisions"}],"wp:featuredmedia":[{"embeddable":true,"href":"https:\/\/www.europesays.com\/de\/wp-json\/wp\/v2\/media\/339061"}],"wp:attachment":[{"href":"https:\/\/www.europesays.com\/de\/wp-json\/wp\/v2\/media?parent=339060"}],"wp:term":[{"taxonomy":"category","embeddable":true,"href":"https:\/\/www.europesays.com\/de\/wp-json\/wp\/v2\/categories?post=339060"},{"taxonomy":"post_tag","embeddable":true,"href":"https:\/\/www.europesays.com\/de\/wp-json\/wp\/v2\/tags?post=339060"}],"curies":[{"name":"wp","href":"https:\/\/api.w.org\/{rel}","templated":true}]}}