{"id":339258,"date":"2025-08-12T15:48:11","date_gmt":"2025-08-12T15:48:11","guid":{"rendered":"https:\/\/www.europesays.com\/de\/339258\/"},"modified":"2025-08-12T15:48:11","modified_gmt":"2025-08-12T15:48:11","slug":"andradite-modern-metal-band-aus-koeln-jukebox","status":"publish","type":"post","link":"https:\/\/www.europesays.com\/de\/339258\/","title":{"rendered":"Andradite, Modern-Metal-Band aus K\u00f6ln | Jukebox"},"content":{"rendered":"<p class=\"card__subtitle\"> Musikmagazin von Dirk Conrads und Andreas Schiefen aus K\u00f6ln <\/p>\n<p>&#8222;Andradite&#8220; aus K\u00f6ln machen seit 2019 gemeinsam Modern <a href=\"https:\/\/www.nrwision.de\/mediathek\/themen\/metal\" rel=\"nofollow noopener\" target=\"_blank\">Metal<\/a>. S\u00e4ngerin Coco Esser stellt die mittlerweile vierk\u00f6pfige Gruppe und ihren Sound im &#8222;Bandportr\u00e4t&#8220; bei &#8222;<a href=\"https:\/\/www.nrwision.de\/mediathek\/sendungen\/jukebox\" rel=\"nofollow noopener\" target=\"_blank\">Jukebox<\/a>&#8220; vor. Au\u00dferdem im Musikmix der Moderatoren Dirk Conrads und Andreas Schiefen mit dabei: die K\u00f6lsche Rockabilly-<a href=\"https:\/\/www.nrwision.de\/mediathek\/themen\/Band\" rel=\"nofollow noopener\" target=\"_blank\">Band<\/a> &#8222;CABB&#8220; sowie die schwedische Progressive-<a href=\"https:\/\/www.nrwision.de\/mediathek\/themen\/rock\" rel=\"nofollow noopener\" target=\"_blank\">Rock<\/a>&#8211;<a href=\"https:\/\/www.nrwision.de\/mediathek\/themen\/Band\" rel=\"nofollow noopener\" target=\"_blank\">Band<\/a> &#8222;The Flower Kings&#8220;, die im Mai 2025 ihr 17. Studioalbum &#8222;LOVE&#8220; ver\u00f6ffentlichte.<\/p>\n","protected":false},"excerpt":{"rendered":"Musikmagazin von Dirk Conrads und Andreas Schiefen aus K\u00f6ln &#8222;Andradite&#8220; aus K\u00f6ln machen seit 2019 gemeinsam Modern Metal.&hellip;\n","protected":false},"author":2,"featured_media":339259,"comment_status":"","ping_status":"","sticky":false,"template":"","format":"standard","meta":{"footnotes":"","_share_on_mastodon":"0"},"categories":[1828],"tags":[6363,56316,6329,29,30,35119,1420,3969,95294,1209,546],"class_list":["post-339258","post","type-post","status-publish","format-standard","has-post-thumbnail","category-koeln","tag-album","tag-alternative","tag-band","tag-deutschland","tag-germany","tag-gesang","tag-koeln","tag-metal","tag-mix","tag-nordrhein-westfalen","tag-rock"],"share_on_mastodon":{"url":"https:\/\/pubeurope.com\/@de\/115016584713783213","error":""},"_links":{"self":[{"href":"https:\/\/www.europesays.com\/de\/wp-json\/wp\/v2\/posts\/339258","targetHints":{"allow":["GET"]}}],"collection":[{"href":"https:\/\/www.europesays.com\/de\/wp-json\/wp\/v2\/posts"}],"about":[{"href":"https:\/\/www.europesays.com\/de\/wp-json\/wp\/v2\/types\/post"}],"author":[{"embeddable":true,"href":"https:\/\/www.europesays.com\/de\/wp-json\/wp\/v2\/users\/2"}],"replies":[{"embeddable":true,"href":"https:\/\/www.europesays.com\/de\/wp-json\/wp\/v2\/comments?post=339258"}],"version-history":[{"count":0,"href":"https:\/\/www.europesays.com\/de\/wp-json\/wp\/v2\/posts\/339258\/revisions"}],"wp:featuredmedia":[{"embeddable":true,"href":"https:\/\/www.europesays.com\/de\/wp-json\/wp\/v2\/media\/339259"}],"wp:attachment":[{"href":"https:\/\/www.europesays.com\/de\/wp-json\/wp\/v2\/media?parent=339258"}],"wp:term":[{"taxonomy":"category","embeddable":true,"href":"https:\/\/www.europesays.com\/de\/wp-json\/wp\/v2\/categories?post=339258"},{"taxonomy":"post_tag","embeddable":true,"href":"https:\/\/www.europesays.com\/de\/wp-json\/wp\/v2\/tags?post=339258"}],"curies":[{"name":"wp","href":"https:\/\/api.w.org\/{rel}","templated":true}]}}