{"id":340287,"date":"2025-08-13T01:07:16","date_gmt":"2025-08-13T01:07:16","guid":{"rendered":"https:\/\/www.europesays.com\/de\/340287\/"},"modified":"2025-08-13T01:07:16","modified_gmt":"2025-08-13T01:07:16","slug":"weltkriegsbombe-gefunden-entschaerfung-erfordert-sofortige-evakuierung-einer-sperrzone-in-untertuerkheim-mit-bis-zu-1000-personen-blicklokal","status":"publish","type":"post","link":"https:\/\/www.europesays.com\/de\/340287\/","title":{"rendered":"Weltkriegsbombe gefunden \u2013 Entsch\u00e4rfung erfordert sofortige Evakuierung einer Sperrzone in Untert\u00fcrkheim mit bis zu 1000 Personen \u2013 BlickLokal"},"content":{"rendered":"<p><a data-category=\"citylink-story-view\" data-action=\"click\" data-label=\"Citylink in Meldungsansicht\" class=\"story-city event-trigger\" href=\"https:\/\/www.presseportal.de\/regional\/Stuttgart\" title=\"News aus Stuttgart\" target=\"_blank\" rel=\"noopener\">Stuttgart<\/a> (ots)<\/p>\n<p>Baggerarbeiten auf einer Baustelle in Untert\u00fcrkheim sind heute auf eine nicht explodierte Weltkriegsbombe gesto\u00dfen. Die Bergung und Entsch\u00e4rfung des zirka 250 Kilo schweren Sprengk\u00f6rpers muss aus Sicherheitsgr\u00fcnden sofort erfolgen. Der Kampfmittelbeseitigungsdienst im Regierungspr\u00e4sidium Stuttgart ist vor Ort, um den Blindg\u00e4nger zu entsch\u00e4rfen.<\/p>\n<p>Um Gef\u00e4hrdungen f\u00fcr Leib, Leben und Gesundheit zu vermeiden, richtet das Amt f\u00fcr \u00f6ffentliche Ordnung der Stadt Stuttgart eine Sperrzone ein. Sie ist in einem Sicherheitsbereich von bis zu 250 Metern um die Fundstelle auf H\u00f6he der Augsburger Stra\u00dfe 243 zu evakuieren. Dieser Bereich umfasst sowohl ein Wohngebiet als auch Bahngleise und ein Gewerbegebiet. Zu evakuieren sind insgesamt rund 1000 Personen.<\/p>\n<p>Die Entsch\u00e4rfung startet, sobald die Evakuierung am fr\u00fchen Abend abgeschlossen ist. Die Sperrzone bleibt bestehen, bis die Bombe schadlos gemacht wurde. Die umliegenden Stra\u00dfen sind gesperrt, der Bahnverkehr ist in diesem Bereich schon gestoppt wie auch die Stadtbahn. Die B14 in Richtung Fellbach bleibt l\u00e4nger offen, wird aber sp\u00e4testens zur Entsch\u00e4rfung ebenfalls gesperrt.<\/p>\n<p>Evakuierte Personen, die in dieser Zeit eine Unterkunft au\u00dferhalb der Sperrzone ben\u00f6tigen, kommen in der Sporthalle der Linden-Realschule in der Lindenschulstra\u00dfe 20 unter. Dort betreuen sie Hilfsorganisationen des Bev\u00f6lkerungsschutzes. F\u00fcr B\u00fcrgeranfragen steht eine Hotline beim Amt f\u00fcr \u00f6ffentliche Ordnung unter Tel. (0711) 216-91911 und (0711) 216-91928 bereit.<\/p>\n<p>Die Informationen \u00fcber den aktuellen Stand finden sich unter <a target=\"_blank\" class=\"uri-ext outbound\" rel=\"noopener\" href=\"https:\/\/feuerwehr.stuttgart.de\/\">https:\/\/feuerwehr.stuttgart.de\/<\/a> und auf den Social Media-Kan\u00e4len der Feuerwehr und der Stadt Stuttgart.<\/p>\n<p class=\"contact-headline\">R\u00fcckfragen bitte an:<\/p>\n<p class=\"contact-text\">Feuerwehr Stuttgart<br \/>Presse- und \u00d6ffentlichkeitsarbeit<\/p>\n<p>0711 216 73555<br \/><a href=\"https:\/\/www.blicklokal.de\/fw-stuttgart-weltkriegsbombe-gefunden-entschaerfung-erfordert-sofortige-evakuierung-einer-sperrzone-in-untertuerkheim-mit-bis-zu-1000-personen-4\/mailto:%2037-Pressestelle@stuttgart.de\" class=\"uri-mailto\" target=\"_blank\" rel=\"noopener\"> 37-Pressestelle@stuttgart.de<\/a><br \/><a target=\"_blank\" class=\"uri-ext outbound\" rel=\"noopener\" href=\"https:\/\/www.feuerwehr-stuttgart.de\">www.feuerwehr-stuttgart.de<\/a><\/p>\n<p class=\"originator\">Original-Content von: Feuerwehr Stuttgart, \u00fcbermittelt durch news aktuell<\/p>\n","protected":false},"excerpt":{"rendered":"Stuttgart (ots) Baggerarbeiten auf einer Baustelle in Untert\u00fcrkheim sind heute auf eine nicht explodierte Weltkriegsbombe gesto\u00dfen. Die Bergung&hellip;\n","protected":false},"author":2,"featured_media":155929,"comment_status":"","ping_status":"","sticky":false,"template":"","format":"standard","meta":{"footnotes":""},"categories":[1830],"tags":[40332,40331,12277,1634,40330,40337,3364,29,4447,30,40333,14,15,40335,40329,40334,23879,1441,3866,40336,40328],"class_list":{"0":"post-340287","1":"post","2":"type-post","3":"status-publish","4":"format-standard","5":"has-post-thumbnail","7":"category-stuttgart","8":"tag-anzeigenblatt-main-tauber","9":"tag-anzeigenblatt-neckar-odenwald","10":"tag-anzeigenwerbung","11":"tag-baden-wuerttemberg","12":"tag-beilagenwerbung-wertheim","13":"tag-blicklokal","14":"tag-de","15":"tag-deutschland","16":"tag-events","17":"tag-germany","18":"tag-kleinanzeigen-main-tauber","19":"tag-nachrichten","20":"tag-news","21":"tag-printwerbung-main-tauber","22":"tag-prospektbeilage-tauberbischofsheim","23":"tag-prospektverteilung-tauberbischofsheim","24":"tag-rothenburg-ob-der-tauber","25":"tag-stuttgart","26":"tag-veranstaltungen","27":"tag-wertheim","28":"tag-wochenzeitung-main-tauber"},"share_on_mastodon":{"url":"","error":"Validation failed: Text character limit of 500 exceeded"},"_links":{"self":[{"href":"https:\/\/www.europesays.com\/de\/wp-json\/wp\/v2\/posts\/340287","targetHints":{"allow":["GET"]}}],"collection":[{"href":"https:\/\/www.europesays.com\/de\/wp-json\/wp\/v2\/posts"}],"about":[{"href":"https:\/\/www.europesays.com\/de\/wp-json\/wp\/v2\/types\/post"}],"author":[{"embeddable":true,"href":"https:\/\/www.europesays.com\/de\/wp-json\/wp\/v2\/users\/2"}],"replies":[{"embeddable":true,"href":"https:\/\/www.europesays.com\/de\/wp-json\/wp\/v2\/comments?post=340287"}],"version-history":[{"count":0,"href":"https:\/\/www.europesays.com\/de\/wp-json\/wp\/v2\/posts\/340287\/revisions"}],"wp:featuredmedia":[{"embeddable":true,"href":"https:\/\/www.europesays.com\/de\/wp-json\/wp\/v2\/media\/155929"}],"wp:attachment":[{"href":"https:\/\/www.europesays.com\/de\/wp-json\/wp\/v2\/media?parent=340287"}],"wp:term":[{"taxonomy":"category","embeddable":true,"href":"https:\/\/www.europesays.com\/de\/wp-json\/wp\/v2\/categories?post=340287"},{"taxonomy":"post_tag","embeddable":true,"href":"https:\/\/www.europesays.com\/de\/wp-json\/wp\/v2\/tags?post=340287"}],"curies":[{"name":"wp","href":"https:\/\/api.w.org\/{rel}","templated":true}]}}