{"id":340544,"date":"2025-08-13T03:35:09","date_gmt":"2025-08-13T03:35:09","guid":{"rendered":"https:\/\/www.europesays.com\/de\/340544\/"},"modified":"2025-08-13T03:35:09","modified_gmt":"2025-08-13T03:35:09","slug":"deshalb-muss-das-naturbad-mockritz-zwei-tage-schliessen","status":"publish","type":"post","link":"https:\/\/www.europesays.com\/de\/340544\/","title":{"rendered":"Deshalb muss das Naturbad Mockritz zwei Tage schlie\u00dfen"},"content":{"rendered":"<p>Schlechte Nachrichten f\u00fcr Wasserratten: Das Naturbad Mockritz muss Donnerstag und Freitag diese Woche geschlossen bleiben. Im Wasser sind Zerkarien aufgetaucht. Das sind kleine Larven von Saugw\u00fcrmern, die beim Menschen eine harmlose, aber juckende Hautirritation verursachen k\u00f6nnen.<\/p>\n<p>Das Problem soll jetzt eine Fachfirma mit einem chemischen Mittel l\u00f6sen. \u201eDas Vorgehen ist f\u00fcr den Menschen v\u00f6llig ungef\u00e4hrlich und\u00a0mit dem Dresdner Gesundheits- sowie Umweltamt abgestimmt\u201c, hei\u00dft es von den Dresdner B\u00e4dern. \u201eIm besten Fall \u00f6ffnen wir das Naturbad am Freitagnachmittag wieder.\u201c\u00a0\u00a0<\/p>\n<p>Was sind Zerkarien?\u00a0<\/p>\n<p>Ursache ist das regnerische und k\u00fchle Juli-Wetter, welches einen unerw\u00fcnschten Effekt im Naturbad\u00a0Mockritz verursachte. Nicht nur, dass wenige Badeg\u00e4ste die Anlage besuchten, so konnten sich auch die Wasserv\u00f6gel ungest\u00f6rt vor Ort aufhalten. Dies wiederum kommt dem \u201eZerkarien-Zyklus\u201c zugute.\u00a0<\/p>\n<p>Denn die nur etwa einen Millimeter gro\u00dfen Larven befallen Enten, Tauchv\u00f6gel sowie G\u00e4nse und wachsen in ihnen zu Saugw\u00fcrmern. \u00dcber den Kot der V\u00f6gel gelangen diese wieder in das Gew\u00e4sser.\u00a0Dort besiedeln sie S\u00fc\u00dfwasserschnecken, welche in den Wasserpflanzen auf dem Teichgrund leben\u00a0und wieder neue Zerkarien ausbilden.<\/p>\n<p>Wenn dann die Wassertemperaturen, so wie in den hei\u00dfen Tagen nach der R\u00fcckkehr des Sommers,\u00a0\u00fcber 20 Grad Celsius ansteigen, schw\u00e4rmen die Larven erneut aus. Bei ihrer Suche nach einem Wirt\u00a0dringen die Larven irrt\u00fcmlicherweise hin und wieder in die menschliche Haut ein. Dort steckengeblieben, bilden sie m\u00f6glicherweise Quaddeln und l\u00f6sen Juckreiz aus. Diese sogenannte Badedermatitis\u00a0ist f\u00fcr den Menschen harmlos und klingt nach zehn bis 14 Tagen wieder ab.\u00a0<\/p>\n<p>Dresdner B\u00e4der: keine Gefahr<\/p>\n<p>Die Hautreizung ist nicht von Mensch zu Mensch \u00fcbertragbar und auch ein versehentliches Verschlucken der Zerkarien f\u00fchrt\u00a0nach heutigem Wissensstand zu keiner Erkrankung. Wer von ihr betroffen ist, sollte aber bis zum\u00a0Abklingen kein Naturbad besuchen. Zerkarien geh\u00f6ren als Teil der nat\u00fcrlichen Lebensgemeinschaften immer zu naturnahen Gew\u00e4ssern. Ein Befallsrisiko ist nie v\u00f6llig auszuschlie\u00dfen.<\/p>\n","protected":false},"excerpt":{"rendered":"Schlechte Nachrichten f\u00fcr Wasserratten: Das Naturbad Mockritz muss Donnerstag und Freitag diese Woche geschlossen bleiben. Im Wasser sind&hellip;\n","protected":false},"author":2,"featured_media":340545,"comment_status":"","ping_status":"","sticky":false,"template":"","format":"standard","meta":{"footnotes":""},"categories":[1835],"tags":[3364,29,2386,30,859],"class_list":{"0":"post-340544","1":"post","2":"type-post","3":"status-publish","4":"format-standard","5":"has-post-thumbnail","7":"category-dresden","8":"tag-de","9":"tag-deutschland","10":"tag-dresden","11":"tag-germany","12":"tag-sachsen"},"share_on_mastodon":{"url":"https:\/\/pubeurope.com\/@de\/115019364669980043","error":""},"_links":{"self":[{"href":"https:\/\/www.europesays.com\/de\/wp-json\/wp\/v2\/posts\/340544","targetHints":{"allow":["GET"]}}],"collection":[{"href":"https:\/\/www.europesays.com\/de\/wp-json\/wp\/v2\/posts"}],"about":[{"href":"https:\/\/www.europesays.com\/de\/wp-json\/wp\/v2\/types\/post"}],"author":[{"embeddable":true,"href":"https:\/\/www.europesays.com\/de\/wp-json\/wp\/v2\/users\/2"}],"replies":[{"embeddable":true,"href":"https:\/\/www.europesays.com\/de\/wp-json\/wp\/v2\/comments?post=340544"}],"version-history":[{"count":0,"href":"https:\/\/www.europesays.com\/de\/wp-json\/wp\/v2\/posts\/340544\/revisions"}],"wp:featuredmedia":[{"embeddable":true,"href":"https:\/\/www.europesays.com\/de\/wp-json\/wp\/v2\/media\/340545"}],"wp:attachment":[{"href":"https:\/\/www.europesays.com\/de\/wp-json\/wp\/v2\/media?parent=340544"}],"wp:term":[{"taxonomy":"category","embeddable":true,"href":"https:\/\/www.europesays.com\/de\/wp-json\/wp\/v2\/categories?post=340544"},{"taxonomy":"post_tag","embeddable":true,"href":"https:\/\/www.europesays.com\/de\/wp-json\/wp\/v2\/tags?post=340544"}],"curies":[{"name":"wp","href":"https:\/\/api.w.org\/{rel}","templated":true}]}}