{"id":340713,"date":"2025-08-13T05:09:10","date_gmt":"2025-08-13T05:09:10","guid":{"rendered":"https:\/\/www.europesays.com\/de\/340713\/"},"modified":"2025-08-13T05:09:10","modified_gmt":"2025-08-13T05:09:10","slug":"stuttgart-nach-bombenentschaerfung-fahren-zuege-wieder-nach-plan-nachrichten-aus-stuttgart","status":"publish","type":"post","link":"https:\/\/www.europesays.com\/de\/340713\/","title":{"rendered":"Stuttgart: Nach Bombenentsch\u00e4rfung fahren Z\u00fcge wieder nach Plan &#8211; Nachrichten aus Stuttgart"},"content":{"rendered":"<p><strong>Stuttgart (dpa\/lsw) &#8211; <\/strong> Nach der Entsch\u00e4rfung einer Fliegerbombe in Stuttgart rollt der Bahnverkehr wieder. Seit Tagesbeginn fahren die Z\u00fcge wieder planm\u00e4\u00dfig, wie ein Sprecher der Deutschen Bahn sagte. Der Zugverkehr sei nach der Entsch\u00e4rfung der 250 Kilogramm schweren Bombe gegen 20.15 Uhr wieder angelaufen. Dabei kam es laut Deutscher Bahn im Laufe der Nacht noch zu Einschr\u00e4nkungen im Fern- und Regionalverkehr f\u00fcr Reisende.<\/p>\n<p>Die Weltkriegsbombe wurde am<\/p>\n","protected":false},"excerpt":{"rendered":"Stuttgart (dpa\/lsw) &#8211; Nach der Entsch\u00e4rfung einer Fliegerbombe in Stuttgart rollt der Bahnverkehr wieder. Seit Tagesbeginn fahren die&hellip;\n","protected":false},"author":2,"featured_media":340714,"comment_status":"","ping_status":"","sticky":false,"template":"","format":"standard","meta":{"footnotes":""},"categories":[1830],"tags":[1634,1739,3364,29,30,9844,4823,1441,9326,601,7490],"class_list":{"0":"post-340713","1":"post","2":"type-post","3":"status-publish","4":"format-standard","5":"has-post-thumbnail","7":"category-stuttgart","8":"tag-baden-wuerttemberg","9":"tag-bahn","10":"tag-de","11":"tag-deutschland","12":"tag-germany","13":"tag-kriegsfolgen","14":"tag-meldung","15":"tag-stuttgart","16":"tag-updateme","17":"tag-verkehr","18":"tag-vermischtes"},"share_on_mastodon":{"url":"https:\/\/pubeurope.com\/@de\/115019734445944639","error":""},"_links":{"self":[{"href":"https:\/\/www.europesays.com\/de\/wp-json\/wp\/v2\/posts\/340713","targetHints":{"allow":["GET"]}}],"collection":[{"href":"https:\/\/www.europesays.com\/de\/wp-json\/wp\/v2\/posts"}],"about":[{"href":"https:\/\/www.europesays.com\/de\/wp-json\/wp\/v2\/types\/post"}],"author":[{"embeddable":true,"href":"https:\/\/www.europesays.com\/de\/wp-json\/wp\/v2\/users\/2"}],"replies":[{"embeddable":true,"href":"https:\/\/www.europesays.com\/de\/wp-json\/wp\/v2\/comments?post=340713"}],"version-history":[{"count":0,"href":"https:\/\/www.europesays.com\/de\/wp-json\/wp\/v2\/posts\/340713\/revisions"}],"wp:featuredmedia":[{"embeddable":true,"href":"https:\/\/www.europesays.com\/de\/wp-json\/wp\/v2\/media\/340714"}],"wp:attachment":[{"href":"https:\/\/www.europesays.com\/de\/wp-json\/wp\/v2\/media?parent=340713"}],"wp:term":[{"taxonomy":"category","embeddable":true,"href":"https:\/\/www.europesays.com\/de\/wp-json\/wp\/v2\/categories?post=340713"},{"taxonomy":"post_tag","embeddable":true,"href":"https:\/\/www.europesays.com\/de\/wp-json\/wp\/v2\/tags?post=340713"}],"curies":[{"name":"wp","href":"https:\/\/api.w.org\/{rel}","templated":true}]}}