{"id":340865,"date":"2025-08-13T06:37:10","date_gmt":"2025-08-13T06:37:10","guid":{"rendered":"https:\/\/www.europesays.com\/de\/340865\/"},"modified":"2025-08-13T06:37:10","modified_gmt":"2025-08-13T06:37:10","slug":"fdp-und-bayernpartei-kritisiert-mvg-rad-und-staedtische-mobilitaetsangebote-in-muenchen","status":"publish","type":"post","link":"https:\/\/www.europesays.com\/de\/340865\/","title":{"rendered":"FDP und Bayernpartei kritisiert MVG Rad und st\u00e4dtische Mobilit\u00e4tsangebote in M\u00fcnchen"},"content":{"rendered":"<p>Nach zehn Jahren ist Schluss: Das st\u00e4dtische Leihfahrradsystem MVG-Rad wird Ende September eingestellt, die Stationen verschwinden aus dem Stadtbild. Ob und wann ein neues System kommt, ist offen.<\/p>\n<p>&#8222;Teure Flops&#8220;<\/p>\n<p>In einer gemeinsamen Stadtratsanfrage kritisiert die Fraktion <a href=\"https:\/\/www.abendzeitung-muenchen.de\/organisation\/fdp\/\" target=\"_blank\" rel=\"noopener\">FDP<\/a>\/<a href=\"https:\/\/www.abendzeitung-muenchen.de\/organisation\/bayernpartei\/\" target=\"_blank\" rel=\"noopener\">Bayernpartei<\/a> die aus ihrer Sicht mangelnde Nutzung zahlreicher st\u00e4dtischer Mobilit\u00e4tsangebote.<\/p>\n<p>Die Fraktion spricht von &#8222;teuren Flops, die keiner nutzt&#8220;. Laut der Stadtratsfraktion lagen die Ausleihzahlen im Jahr 2023 bei durchschnittlich nur 0,5 Fahrten pro Rad und Tag. Die Folge: ein extrem hoher Zuschussbedarf pro Ausleihe.<\/p>\n<p>Zu viel Geld f\u00fcr &#8222;Mikromobilit\u00e4t&#8220;<\/p>\n<p>Auch andere st\u00e4dtisch gef\u00f6rderte Angebote wie die kostenlosen Senioren-Elektromobile am Marienhof und im <a href=\"https:\/\/www.abendzeitung-muenchen.de\/thema\/olympiapark\/\" target=\"_blank\" rel=\"noopener\">Olympiapark<\/a> werden kritisch hinterfragt. Die Nutzung sei dort &#8222;nahezu null&#8220;, hei\u00dft es in der Anfrage.<\/p>\n<p>Ebenso seien die kostenlosen Minibusse in der Altstadt im Sommer 2024 trotz 10-Minuten-Takt offenbar kaum genutzt worden.<\/p>\n<p>Die Stadtr\u00e4te werfen der Stadt vor, an der tats\u00e4chlichen Nachfrage vorbei geplant zu haben, und kritisieren, dass erhebliche Summen in Projekte \u2013 &#8222;Mikromobilit\u00e4t&#8220; \u2013 flie\u00dfen, die von der Bev\u00f6lkerung kaum angenommen werden. Sie fordern au\u00dferdem eine umfassende Auswertung der Nutzungsdaten.<\/p>\n","protected":false},"excerpt":{"rendered":"Nach zehn Jahren ist Schluss: Das st\u00e4dtische Leihfahrradsystem MVG-Rad wird Ende September eingestellt, die Stationen verschwinden aus dem&hellip;\n","protected":false},"author":2,"featured_media":340866,"comment_status":"","ping_status":"","sticky":false,"template":"","format":"standard","meta":{"footnotes":""},"categories":[1827],"tags":[772,95579,29,187,30,1229,1268,95580],"class_list":{"0":"post-340865","1":"post","2":"type-post","3":"status-publish","4":"format-standard","5":"has-post-thumbnail","7":"category-muenchen","8":"tag-bayern","9":"tag-bayernpartei","10":"tag-deutschland","11":"tag-fdp","12":"tag-germany","13":"tag-kritik","14":"tag-muenchen","15":"tag-mvg-rad"},"share_on_mastodon":{"url":"https:\/\/pubeurope.com\/@de\/115020080429245441","error":""},"_links":{"self":[{"href":"https:\/\/www.europesays.com\/de\/wp-json\/wp\/v2\/posts\/340865","targetHints":{"allow":["GET"]}}],"collection":[{"href":"https:\/\/www.europesays.com\/de\/wp-json\/wp\/v2\/posts"}],"about":[{"href":"https:\/\/www.europesays.com\/de\/wp-json\/wp\/v2\/types\/post"}],"author":[{"embeddable":true,"href":"https:\/\/www.europesays.com\/de\/wp-json\/wp\/v2\/users\/2"}],"replies":[{"embeddable":true,"href":"https:\/\/www.europesays.com\/de\/wp-json\/wp\/v2\/comments?post=340865"}],"version-history":[{"count":0,"href":"https:\/\/www.europesays.com\/de\/wp-json\/wp\/v2\/posts\/340865\/revisions"}],"wp:featuredmedia":[{"embeddable":true,"href":"https:\/\/www.europesays.com\/de\/wp-json\/wp\/v2\/media\/340866"}],"wp:attachment":[{"href":"https:\/\/www.europesays.com\/de\/wp-json\/wp\/v2\/media?parent=340865"}],"wp:term":[{"taxonomy":"category","embeddable":true,"href":"https:\/\/www.europesays.com\/de\/wp-json\/wp\/v2\/categories?post=340865"},{"taxonomy":"post_tag","embeddable":true,"href":"https:\/\/www.europesays.com\/de\/wp-json\/wp\/v2\/tags?post=340865"}],"curies":[{"name":"wp","href":"https:\/\/api.w.org\/{rel}","templated":true}]}}