{"id":340872,"date":"2025-08-13T06:41:13","date_gmt":"2025-08-13T06:41:13","guid":{"rendered":"https:\/\/www.europesays.com\/de\/340872\/"},"modified":"2025-08-13T06:41:13","modified_gmt":"2025-08-13T06:41:13","slug":"bis-zu-34-grad-wetterdienst-warnt-vor-hitze","status":"publish","type":"post","link":"https:\/\/www.europesays.com\/de\/340872\/","title":{"rendered":"Bis zu 34 Grad \u2013 Wetterdienst warnt vor Hitze"},"content":{"rendered":"<p class=\"font-sans font-medium\">Berlin. Mit \u00fcber 30 Grad m\u00fcssen die Menschen in Berlin und Brandenburg am Mittwoch rechnen. Und in den kommenden Tagen wird es noch hei\u00dfer.<\/p>\n<p class=\"\"> In <a href=\"https:\/\/www.morgenpost.de\/berlin\/\" target=\"_blank\" rel=\"nofollow noopener\">Berlin<\/a> und <a href=\"https:\/\/www.morgenpost.de\/brandenburg\/\" target=\"_blank\" rel=\"nofollow noopener\">Brandenburg<\/a> wird es in den kommenden Tagen noch einmal richtig hei\u00df. . Die Temperaturen steigen am Mittwoch auf 31 bis 34 Grad, wie der Deutsche Wetterdienst (DWD) mitteilte. F\u00fcr\u00a0Berlin\u00a0und westliche Teile von Brandenburg gilt von Vormittag bis abends eine amtliche Warnung vor Hitze.<\/p>\n<p class=\"\">In der Nacht zum Donnerstag k\u00fchlt es laut DWD auf 19 bis 13 Grad ab. Am Donnerstag selbst wird es noch hei\u00dfer: Die Meteorologen k\u00fcndigen bei viel Sonnenschein H\u00f6chstwerte von 33 bis 36 Grad an.<\/p>\n<p>    Auch interessant<\/p>\n<p>    <img decoding=\"async\" src=\"https:\/\/www.europesays.com\/de\/wp-content\/uploads\/2025\/07\/409305712_1750352390_v1_1_200.jpeg\" class=\"block w-full object-cover relative z-10 aspect-[1\/1] \" alt=\"summerteaser.jpg\" title=\"summerteaser.jpg\" loading=\"lazy\"\/><\/p>\n<p class=\"\">Mit wenigen Wolken und Tiefstwerten von 21 bis 16 Grad k\u00fchlt es demnach in der Nacht zum Freitag nicht sehr stark ab. Am Freitag klettern die Temperaturen dann dem DWD zufolge noch ein St\u00fcck weiter nach oben auf maximal 32 bis 37 Grad. Nach einem heiteren Start ziehen demnach Wolken auf, \u00f6rtlich fallen Schauer und es kommt zu einzelnen Gewittern.<\/p>\n<p>    Auch interessant<\/p>\n<p>    <img decoding=\"async\" src=\"https:\/\/www.europesays.com\/de\/wp-content\/uploads\/2025\/08\/401467875_1682701830_v1_1_200.jpeg\" class=\"block w-full object-cover relative z-10 aspect-[1\/1] \" alt=\"Das Seebad Friedrichshagen.\" title=\"Das Seebad Friedrichshagen.\" loading=\"lazy\"\/><\/p>\n<p>   Wetter in Berlin: Das sind die Aussichten im Detail <\/p>\n<p class=\"\"><strong>Donnerstag:<\/strong> Bei wenigen Schleierwolken viel Sonnenschein, trocken. H\u00f6chstwerte 33 bis 36 Grad. Meist schwacher Wind aus \u00f6stlichen Richtungen. In der Nacht zum Freitag \u00fcberwiegend gering bew\u00f6lkt und weitgehend niederschlagsfrei. Tiefstwerte 21 bis 16 Grad. Schwachwindig.<\/p>\n<p class=\"\"><strong>Freitag: <\/strong>Nach heiterem Start im Verlauf wechselnd bew\u00f6lkt, \u00f6rtlich Schauer oder einzelne Gewitter. H\u00f6chstwerte 32 bis 37 Grad. Schwacher bis m\u00e4\u00dfiger Nordwestwind. In der Nacht zum Samstag wolkig bis stark bew\u00f6lkt, regional Schauer und einzelne Gewitter. Tiefsttemperatur 18 bis 15 Grad. Schwacher Wind aus Nordwest.<\/p>\n<p class=\"\"><strong>Sonnabend: <\/strong>Wolkig mit sonnigen Abschnitten. Trocken. H\u00f6chstwerte 25 bis 28 Grad. Schwacher, zeitweise m\u00e4\u00dfiger Wind aus Nordwest. In der Nacht zum Sonntag Wolkenauflockerungen. Abk\u00fchlung auf 13 bis 11 Grad. Schwacher Nordwestwind.<\/p>\n<p rel=\"author\" class=\"text-brand\">dpa<\/p>\n","protected":false},"excerpt":{"rendered":"Berlin. Mit \u00fcber 30 Grad m\u00fcssen die Menschen in Berlin und Brandenburg am Mittwoch rechnen. Und in den&hellip;\n","protected":false},"author":2,"featured_media":340873,"comment_status":"","ping_status":"","sticky":false,"template":"","format":"standard","meta":{"footnotes":""},"categories":[1825],"tags":[1941,1939,296,1937,29,30,1940,1938],"class_list":{"0":"post-340872","1":"post","2":"type-post","3":"status-publish","4":"format-standard","5":"has-post-thumbnail","7":"category-berlin","8":"tag-aktuelle-nachrichten-aus-berlin","9":"tag-aktuelle-news-aus-berlin","10":"tag-berlin","11":"tag-berlin-news","12":"tag-deutschland","13":"tag-germany","14":"tag-nachrichten-aus-berlin","15":"tag-news-aus-berlin"},"share_on_mastodon":{"url":"https:\/\/pubeurope.com\/@de\/115020096101875308","error":""},"_links":{"self":[{"href":"https:\/\/www.europesays.com\/de\/wp-json\/wp\/v2\/posts\/340872","targetHints":{"allow":["GET"]}}],"collection":[{"href":"https:\/\/www.europesays.com\/de\/wp-json\/wp\/v2\/posts"}],"about":[{"href":"https:\/\/www.europesays.com\/de\/wp-json\/wp\/v2\/types\/post"}],"author":[{"embeddable":true,"href":"https:\/\/www.europesays.com\/de\/wp-json\/wp\/v2\/users\/2"}],"replies":[{"embeddable":true,"href":"https:\/\/www.europesays.com\/de\/wp-json\/wp\/v2\/comments?post=340872"}],"version-history":[{"count":0,"href":"https:\/\/www.europesays.com\/de\/wp-json\/wp\/v2\/posts\/340872\/revisions"}],"wp:featuredmedia":[{"embeddable":true,"href":"https:\/\/www.europesays.com\/de\/wp-json\/wp\/v2\/media\/340873"}],"wp:attachment":[{"href":"https:\/\/www.europesays.com\/de\/wp-json\/wp\/v2\/media?parent=340872"}],"wp:term":[{"taxonomy":"category","embeddable":true,"href":"https:\/\/www.europesays.com\/de\/wp-json\/wp\/v2\/categories?post=340872"},{"taxonomy":"post_tag","embeddable":true,"href":"https:\/\/www.europesays.com\/de\/wp-json\/wp\/v2\/tags?post=340872"}],"curies":[{"name":"wp","href":"https:\/\/api.w.org\/{rel}","templated":true}]}}