{"id":340909,"date":"2025-08-13T07:02:25","date_gmt":"2025-08-13T07:02:25","guid":{"rendered":"https:\/\/www.europesays.com\/de\/340909\/"},"modified":"2025-08-13T07:02:25","modified_gmt":"2025-08-13T07:02:25","slug":"boyens-medien-wechsel-in-die-schweiz-bosnier-gigovic-verlaesst-kiel","status":"publish","type":"post","link":"https:\/\/www.europesays.com\/de\/340909\/","title":{"rendered":"Boyens Medien &#8211; Wechsel in die Schweiz: Bosnier Gigovic verl\u00e4sst Kiel"},"content":{"rendered":"<p>Kiel (dpa) &#8211;  Der bosnische Fu\u00dfball-Nationalspieler Armin Gigovic hat den Bundesliga-Absteiger Holstein Kiel nach nur einem Jahr wieder verlassen. Dank einer Ausstiegsklausel in seinem Vertrag wechselt der 23 Jahre alte Mittelfeldspieler zum Schweizer Spitzenclub Young Boys Bern.<\/p>\n<p>\u00abAufgrund der festgeschriebenen Ausstiegsklausel kommt sein Abschied f\u00fcr uns nicht \u00fcberraschend und wir haben unsere Kaderplanung darauf ausgerichtet\u00bb, sagte der Kieler Sport-Gesch\u00e4ftsf\u00fchrer Olaf Rebbe.<\/p>\n<p>Gigovic war vor einem Jahr vom russischen Club FK Rostov verpflichtet worden. Nach Shuto Machino (Borussia M\u00f6nchengladbach) und Nicolai Remberg (Hamburger SV) ist er bereits der dritte Spieler, f\u00fcr den die Kieler nach ihrem Bundesliga-Abstieg eine Millionen-Abl\u00f6se kassierten.<\/p>\n<p>\u00a9 dpa-infocom, dpa:250812-930-901273\/1<\/p>\n<p>\u00a9 Boyens Medien &#8211; Texte und Fotos sind urheberrechtlich gesch\u00fctzt. Weiterverwendung nur mit Genehmigung der <a title=\"Kontakt zur Chefredaktion\" target=\"_blank\" href=\"https:\/\/www.boyens-medien.de\/richtlinien.html\" rel=\"noopener\">Chefredaktion<\/a>.<\/p>\n","protected":false},"excerpt":{"rendered":"Kiel (dpa) &#8211; Der bosnische Fu\u00dfball-Nationalspieler Armin Gigovic hat den Bundesliga-Absteiger Holstein Kiel nach nur einem Jahr wieder&hellip;\n","protected":false},"author":2,"featured_media":340910,"comment_status":"","ping_status":"","sticky":false,"template":"","format":"standard","meta":{"footnotes":""},"categories":[1852],"tags":[621,3364,29,548,663,3934,347,30,13,10243,4949,4823,14,15,12,1971,1288],"class_list":{"0":"post-340909","1":"post","2":"type-post","3":"status-publish","4":"format-standard","5":"has-post-thumbnail","7":"category-kiel","8":"tag-2-bundesliga","9":"tag-de","10":"tag-deutschland","11":"tag-eu","12":"tag-europa","13":"tag-europe","14":"tag-fussball","15":"tag-germany","16":"tag-headlines","17":"tag-holstein-kiel","18":"tag-kiel","19":"tag-meldung","20":"tag-nachrichten","21":"tag-news","22":"tag-schlagzeilen","23":"tag-schleswig-holstein","24":"tag-transfers"},"share_on_mastodon":{"url":"https:\/\/pubeurope.com\/@de\/115020178684759050","error":""},"_links":{"self":[{"href":"https:\/\/www.europesays.com\/de\/wp-json\/wp\/v2\/posts\/340909","targetHints":{"allow":["GET"]}}],"collection":[{"href":"https:\/\/www.europesays.com\/de\/wp-json\/wp\/v2\/posts"}],"about":[{"href":"https:\/\/www.europesays.com\/de\/wp-json\/wp\/v2\/types\/post"}],"author":[{"embeddable":true,"href":"https:\/\/www.europesays.com\/de\/wp-json\/wp\/v2\/users\/2"}],"replies":[{"embeddable":true,"href":"https:\/\/www.europesays.com\/de\/wp-json\/wp\/v2\/comments?post=340909"}],"version-history":[{"count":0,"href":"https:\/\/www.europesays.com\/de\/wp-json\/wp\/v2\/posts\/340909\/revisions"}],"wp:featuredmedia":[{"embeddable":true,"href":"https:\/\/www.europesays.com\/de\/wp-json\/wp\/v2\/media\/340910"}],"wp:attachment":[{"href":"https:\/\/www.europesays.com\/de\/wp-json\/wp\/v2\/media?parent=340909"}],"wp:term":[{"taxonomy":"category","embeddable":true,"href":"https:\/\/www.europesays.com\/de\/wp-json\/wp\/v2\/categories?post=340909"},{"taxonomy":"post_tag","embeddable":true,"href":"https:\/\/www.europesays.com\/de\/wp-json\/wp\/v2\/tags?post=340909"}],"curies":[{"name":"wp","href":"https:\/\/api.w.org\/{rel}","templated":true}]}}