{"id":340921,"date":"2025-08-13T07:09:13","date_gmt":"2025-08-13T07:09:13","guid":{"rendered":"https:\/\/www.europesays.com\/de\/340921\/"},"modified":"2025-08-13T07:09:13","modified_gmt":"2025-08-13T07:09:13","slug":"mannheim-nackt-stadtrat-fordert-orgien-statt-opern-am-rhein-politik","status":"publish","type":"post","link":"https:\/\/www.europesays.com\/de\/340921\/","title":{"rendered":"Mannheim: Nackt-Stadtrat fordert Orgien statt Opern am Rhein | Politik"},"content":{"rendered":"<p>Mannheim \u2013<b> Er meint es ernst! Stadtrat Julien Ferrat (34) von der B\u00fcrgerinitiative \u201eDie Mannheimer\u201c zieht blank und will am liebsten die ganze Stadt entbl\u00f6\u00dfen \u2013 in einem \u201eFKK-Swingerparadies\u201c mitten in der Stadt.<\/b><\/p>\n<p>Der deutsch-franz\u00f6sische Sozialforscher (Vater von drei Kindern, lebt in \u201eoffener Beziehung\u201c) arbeitet als umtriebiger Online-H\u00e4ndler am Rohrkolbenweg. Schon mit 22 Jahren wurde er erstmals ins Mannheimer Stadtparlament gew\u00e4hlt \u2013 erst f\u00fcr die Linken, dann f\u00fcr die Familienpartei, zuletzt f\u00fcr die \u201eMannheimer\u201c, deren Chef er nun ist. In dieser Zeit hat Ferrat immer wieder f\u00fcr Aufruhr gesorgt \u2013 etwa mit schr\u00e4gen Rap-Videos k\u00e4mpfte er f\u00fcr eine bessere Bezahlung von Prostituierten und gegen Abtreibungen. <\/p>\n<p>Mehr zum Thema<\/p>\n<p>Im Mai schlie\u00dflich seine j\u00fcngste Kapriole: Ausgerechnet im Mannheimer Amtsblatt, das sonst Gesetze und Verordnungen verk\u00fcndet, lud Ferrat zu einer \u201epolitischen Bildungsfahrt\u201c ein. Ziel: das franz\u00f6sische Swinger-Paradies \u201eVillage naturiste\u201c in Cap d\u2018Agde (S\u00fcdfrankreich). Auf dem Programm der 28 Teilnehmer (27 bis 67 Jahre): Sex on the beach, Pornokino am Strand und ein BDSM-Einf\u00fchrungsabend. Jetzt geht Ferrat auch in seiner Heimat in die Nackt-Offensive, will einen Freik\u00f6rperstrand an Neckar oder Rhein \u2013 nach dem Vorbild des s\u00fcdfranz\u00f6sischen Nudisten-Camps. Ferrats Antrag: eine offizielle Machbarkeitsstudie f\u00fcr sein Swingerprojekt!<\/p>\n<p> Ferrat: \u201eSex und Kommunalpolitik\u201c<\/p>\n<p>Dass er in seiner Heimat mit derlei Pl\u00e4nen aneckt, nimmt Ferrat gern in Kauf. Sein Mantra: mehr Transparenz und Freiz\u00fcgigkeit in der Politik. Daf\u00fcr hielt er bereits \u201eNacktsprechstunden\u201c im Stadtratsb\u00fcro ab oder lud zum \u201eTrainingslager mit Outdoor-Sex\u201c. Sein Motto: \u201eWir verbinden die zwei sch\u00f6nsten Dinge der Welt miteinander: Sex und Kommunalpolitik.\u201c<\/p>\n<p>Mannheim \u2013 ohnehin bekannt als Verkehrsknotenpunkt zwischen Stuttgart und Frankfurt \u2013 k\u00f6nnte aus Ferrats Sicht eine Art bundesweite Pendlerstation f\u00fcr die Swinger Europas werden. Als Durchgangsstation f\u00fcr Norddeutsche und Skandinavier, die auf der langen Reise nach S\u00fcdfrankreich schon unterwegs eine Nummer schieben wollen.<\/p>\n<p><img decoding=\"async\" width=\"992\" height=\"558\" alt=\"Ferrat fordert eine \u201eSwingernacht\u201c f\u00fcr das Herzogenriedbad (Symbolfoto)\" src=\"https:\/\/www.europesays.com\/de\/wp-content\/uploads\/2025\/08\/e750d14e7a90424e26a2ce81aa9b47fc,2b08c5eb\"   class=\"landscape\" loading=\"lazy\"\/><\/p>\n<p class=\"fig__caption__text\">Ferrat fordert eine \u201eSwingernacht\u201c f\u00fcr das Herzogenriedbad (Symbolfoto)<\/p>\n<p>Foto: picture alliance\/dpa<\/p>\n<p>Ferrats Vision: \u201eEine st\u00e4dtische FKK-Swinger-Paradies-GmbH k\u00fcmmert sich um den Betrieb von Gastronomie, Hotels und Swingerclubs\u201c, dies bringe den meisten Nutzen f\u00fcr die Allgemeinheit. Ginge es ums Geldsparen, k\u00e4me auch das franz\u00f6sische Modell infrage: \u201eDer Staat k\u00fcmmert sich \u201anur\u2018 um die gemeinschaftlich genutzte Infrastruktur\u201c. <\/p>\n<p>Antr\u00e4ge bekamen nur eine Ja-Stimme<\/p>\n<p>Zus\u00e4tzlich hofft Ferrat mit einer Machbarkeitsstudie auf die Errichtung eines BDSM-Clubs, Porno-Kinos oder eine \u201eSwingernacht\u201c im st\u00e4dtischen Herzogenriedbad. Statt Millionen in die \u00fcbliche Kulturlandschaft (Museen, Theater, Oper) zu stecken, tr\u00e4umt der Deutsch-Franzose von \u201eSex-Orgien im st\u00e4dtischen Schwimmbad\u201c. In der Mannheimer CDU bringt das nicht wenige auf die Palme: Fraktionschef Claudius Kranz (50) etwa nennt Ferrats Pl\u00e4ne \u201ev\u00f6llig unrealistisch\u201c \u2013 Mannheim sei \u201emit Sicherheit kein Magnet f\u00fcr Strand-, FKK- oder Swinger-Touristen\u201c. Folge: Ferrats Kamikaze-Antr\u00e4ge wurden bisher durchweg gegen eine Ja-Stimme (seine eigene) abgelehnt.<\/p>\n","protected":false},"excerpt":{"rendered":"Mannheim \u2013 Er meint es ernst! Stadtrat Julien Ferrat (34) von der B\u00fcrgerinitiative \u201eDie Mannheimer\u201c zieht blank und&hellip;\n","protected":false},"author":2,"featured_media":340922,"comment_status":"","ping_status":"","sticky":false,"template":"","format":"standard","meta":{"footnotes":""},"categories":[1845],"tags":[1634,7443,3364,29,548,663,3934,37885,30,13,2096,14,15,5566,15151,12,27877,45],"class_list":{"0":"post-340921","1":"post","2":"type-post","3":"status-publish","4":"format-standard","5":"has-post-thumbnail","7":"category-mannheim","8":"tag-baden-wuerttemberg","9":"tag-behoerden","10":"tag-de","11":"tag-deutschland","12":"tag-eu","13":"tag-europa","14":"tag-europe","15":"tag-fkk","16":"tag-germany","17":"tag-headlines","18":"tag-mannheim","19":"tag-nachrichten","20":"tag-news","21":"tag-parteien","22":"tag-politiker","23":"tag-schlagzeilen","24":"tag-swinger","25":"tag-texttospeech"},"share_on_mastodon":{"url":"https:\/\/pubeurope.com\/@de\/115020206308283090","error":""},"_links":{"self":[{"href":"https:\/\/www.europesays.com\/de\/wp-json\/wp\/v2\/posts\/340921","targetHints":{"allow":["GET"]}}],"collection":[{"href":"https:\/\/www.europesays.com\/de\/wp-json\/wp\/v2\/posts"}],"about":[{"href":"https:\/\/www.europesays.com\/de\/wp-json\/wp\/v2\/types\/post"}],"author":[{"embeddable":true,"href":"https:\/\/www.europesays.com\/de\/wp-json\/wp\/v2\/users\/2"}],"replies":[{"embeddable":true,"href":"https:\/\/www.europesays.com\/de\/wp-json\/wp\/v2\/comments?post=340921"}],"version-history":[{"count":0,"href":"https:\/\/www.europesays.com\/de\/wp-json\/wp\/v2\/posts\/340921\/revisions"}],"wp:featuredmedia":[{"embeddable":true,"href":"https:\/\/www.europesays.com\/de\/wp-json\/wp\/v2\/media\/340922"}],"wp:attachment":[{"href":"https:\/\/www.europesays.com\/de\/wp-json\/wp\/v2\/media?parent=340921"}],"wp:term":[{"taxonomy":"category","embeddable":true,"href":"https:\/\/www.europesays.com\/de\/wp-json\/wp\/v2\/categories?post=340921"},{"taxonomy":"post_tag","embeddable":true,"href":"https:\/\/www.europesays.com\/de\/wp-json\/wp\/v2\/tags?post=340921"}],"curies":[{"name":"wp","href":"https:\/\/api.w.org\/{rel}","templated":true}]}}