{"id":340946,"date":"2025-08-13T07:25:13","date_gmt":"2025-08-13T07:25:13","guid":{"rendered":"https:\/\/www.europesays.com\/de\/340946\/"},"modified":"2025-08-13T07:25:13","modified_gmt":"2025-08-13T07:25:13","slug":"bei-scheitern-von-atom-verhandlungen-deutschland-frankreich-und-grossbritannien-bereit-zu-erneuten-iran-sanktionen","status":"publish","type":"post","link":"https:\/\/www.europesays.com\/de\/340946\/","title":{"rendered":"Bei Scheitern von Atom-Verhandlungen &#8211; Deutschland, Frankreich und Gro\u00dfbritannien bereit zu erneuten Iran-Sanktionen"},"content":{"rendered":"<p>                    <img decoding=\"async\" loading=\"lazy\" class=\"internal-image\" title=\"Der britische Au\u00dfenminister David Lammy, Frankreichs Minister f\u00fcr Europa und Ausw\u00e4rtige Angelegenheiten, Jean-Noel Barrot, und der deutsche Au\u00dfenminister Johann Wadephul sprechen mit Medienvertretern \" alt=\"Der britische Au\u00dfenminister David Lammy, Frankreichs Minister f\u00fcr Europa und Ausw\u00e4rtige Angelegenheiten, Jean-Noel Barrot, und der deutsche Au\u00dfenminister Johann Wadephul sprechen mit Medienvertretern \" src=\"https:\/\/www.europesays.com\/de\/wp-content\/uploads\/2025\/08\/aussenminister-deutschland-uk-frankreich-100-1920x1080.jpg\" \/><\/p>\n<p>                  Die Au\u00dfenminister Gro\u00dfbritanniens, Frankreichs und Deutschlands ( KEYSTONE \/ dpa \/ Martial Trezzini)<\/p>\n<p>Man sei dazu bereit, sollte es bis Ende August keine Einigung geben. Das geht aus einem von Bundesau\u00dfenminister Wadephul und seinen Amtskollegen unterzeichneten Brief an die UNO hervor. Dieser liegt der &#8222;Financial Times&#8220; sowie der Nachrichtenagentur AFP vor. Die Politiker bekr\u00e4ftigten aber, sie setzten sich weiter uneingeschr\u00e4nkt f\u00fcr eine diplomatische L\u00f6sung der durch das iranische Atomprogramm ausgel\u00f6sten Krise ein.<\/p>\n<p>Ende Juli hatten Deutschland, Frankreich und Gro\u00dfbritannien erstmals seit den Angriffen auf iranische Atomanlagen durch Israel und die USA wieder Atomgespr\u00e4che mit dem Iran gef\u00fchrt. Der Austausch in Istanbul ging jedoch ohne greifbare Ergebnisse zu Ende.<\/p>\n<p>Diese Nachricht wurde am 13.08.2025 im Programm Deutschlandfunk gesendet.<\/p>\n","protected":false},"excerpt":{"rendered":"Die Au\u00dfenminister Gro\u00dfbritanniens, Frankreichs und Deutschlands ( KEYSTONE \/ dpa \/ Martial Trezzini) Man sei dazu bereit, sollte&hellip;\n","protected":false},"author":2,"featured_media":340947,"comment_status":"","ping_status":"","sticky":false,"template":"","format":"standard","meta":{"footnotes":""},"categories":[3974],"tags":[331,332,548,663,3934,3980,156,13,14,15,12],"class_list":{"0":"post-340946","1":"post","2":"type-post","3":"status-publish","4":"format-standard","5":"has-post-thumbnail","7":"category-frankreich","8":"tag-aktuelle-nachrichten","9":"tag-aktuelle-news","10":"tag-eu","11":"tag-europa","12":"tag-europe","13":"tag-france","14":"tag-frankreich","15":"tag-headlines","16":"tag-nachrichten","17":"tag-news","18":"tag-schlagzeilen"},"share_on_mastodon":{"url":"https:\/\/pubeurope.com\/@de\/115020269307258521","error":""},"_links":{"self":[{"href":"https:\/\/www.europesays.com\/de\/wp-json\/wp\/v2\/posts\/340946","targetHints":{"allow":["GET"]}}],"collection":[{"href":"https:\/\/www.europesays.com\/de\/wp-json\/wp\/v2\/posts"}],"about":[{"href":"https:\/\/www.europesays.com\/de\/wp-json\/wp\/v2\/types\/post"}],"author":[{"embeddable":true,"href":"https:\/\/www.europesays.com\/de\/wp-json\/wp\/v2\/users\/2"}],"replies":[{"embeddable":true,"href":"https:\/\/www.europesays.com\/de\/wp-json\/wp\/v2\/comments?post=340946"}],"version-history":[{"count":0,"href":"https:\/\/www.europesays.com\/de\/wp-json\/wp\/v2\/posts\/340946\/revisions"}],"wp:featuredmedia":[{"embeddable":true,"href":"https:\/\/www.europesays.com\/de\/wp-json\/wp\/v2\/media\/340947"}],"wp:attachment":[{"href":"https:\/\/www.europesays.com\/de\/wp-json\/wp\/v2\/media?parent=340946"}],"wp:term":[{"taxonomy":"category","embeddable":true,"href":"https:\/\/www.europesays.com\/de\/wp-json\/wp\/v2\/categories?post=340946"},{"taxonomy":"post_tag","embeddable":true,"href":"https:\/\/www.europesays.com\/de\/wp-json\/wp\/v2\/tags?post=340946"}],"curies":[{"name":"wp","href":"https:\/\/api.w.org\/{rel}","templated":true}]}}