{"id":341039,"date":"2025-08-13T08:15:16","date_gmt":"2025-08-13T08:15:16","guid":{"rendered":"https:\/\/www.europesays.com\/de\/341039\/"},"modified":"2025-08-13T08:15:16","modified_gmt":"2025-08-13T08:15:16","slug":"gianluigi-donnarumma-psg-trainer-luis-enrique-rechtfertigt-rauswurf-von-superstar","status":"publish","type":"post","link":"https:\/\/www.europesays.com\/de\/341039\/","title":{"rendered":"Gianluigi Donnarumma: PSG-Trainer Luis Enrique rechtfertigt Rauswurf von Superstar"},"content":{"rendered":"<p>                    &#8222;Der Verein unterst\u00fctzt mich&#8220;<br \/>\n                PSG-Trainer rechtfertigt Rauswurf von Superstar<\/p>\n<p>\t\t\t\t              13.08.2025, 05:57 Uhr<\/p>\n<p><strong>Nach Jahren als Nummer 1 sortiert Paris Saint-Germain kurz vor Saisonbeginn seinen Stammtorh\u00fcter aus. Gianluigi Donnarumma ist schwer entt\u00e4uscht vom Klub und Trainer Luis Enrique. Der versucht dagegen, seine Entscheidung zu erkl\u00e4ren.<\/strong><\/p>\n<p>F\u00fcr verdiente und langj\u00e4hrige Stammtorh\u00fcter ist es kein guter Sommer. Marc-Andr\u00e9 ter Stegen ist beim FC Barcelona zwar wieder als Kapit\u00e4n eingesetzt worden, eine Chance auf Spielminuten nach seiner Verletzung d\u00fcrfte er jedoch kaum haben. Auch Paris Saint-Germain hat sich f\u00fcr einen Schnitt entschieden &#8211; obwohl Gianluigi Donnarumma mit seinen Paraden erheblich dazu beigetragen hat, dass der franz\u00f6sische Hauptstadtklub in der vergangenen Saison erstmals die Champions League gewonnen hat. Trotzdem ist der 26-J\u00e4hrige jetzt faktisch schlicht vor die T\u00fcr gesetzt worden.<\/p>\n<p>Trainer Luis Enrique sagte dazu nun, dieser Schritt, die Nummer 1 der italienischen Nationalmannschaft auszusortieren, sei kein leichter gewesen: &#8222;Diese Entscheidungen sind immer schwierig zu treffen. Ich kann nur positiv \u00fcber Donnarumma sprechen. Gigio ist zweifellos einer der besten Spieler auf dieser Position. Er ist sogar ein noch besserer Mensch, aber wir suchten nach einem anderen Typen von Torh\u00fcter&#8220;, sagte der Spanier vor dem Finale um den UEFA-Supercup gegen Tottenham Hotspur am Mittwoch (21 Uhr\/DAZN und im Liveticker bei ntv.de) in Udine. <\/p>\n<p>Enrique strich Donnarumma aus dem Kader, nachdem PSG Lucas Chevalier aus Lille f\u00fcr 40 Millionen Euro verpflichtet hatte. &#8222;Mein Ziel ist es, das Team zu verbessern. Es ist meine Entscheidung, und der Verein unterst\u00fctzt mich&#8220;, erg\u00e4nzte Enrique.<\/p>\n<p>Donnarumma, seit 2021 bei PSG, hatte sich am Dienstagabend bereits emotional vom Champions-League-Sieger verabschiedet. &#8222;Jemand hat entschieden, dass ich nicht mehr Teil der Mannschaft sein und nicht mehr zum Erfolg des Teams beitragen kann. Ich bin entt\u00e4uscht und traurig&#8220;, schrieb der 26-J\u00e4hrige bei Instagram. Mit &#8222;jemand&#8220; d\u00fcrfte Enrique gemeint sein. <\/p>\n<p>Er hoffe, so Donnarumma weiter, &#8222;dass ich noch einmal die Gelegenheit habe, den Fans im Parc des Princes in die Augen zu schauen und mich geb\u00fchrend zu verabschieden&#8220;. Sollte das nicht m\u00f6glich sein, m\u00f6chte &#8222;ich euch wissen lassen, dass mir eure Unterst\u00fctzung und Zuneigung sehr viel bedeutet und ich sie nie vergessen werde&#8220;. Der Top-Torh\u00fcter soll bereits bei Manchester United und beim FC Chelsea auf der Liste stehen.<\/p>\n","protected":false},"excerpt":{"rendered":"&#8222;Der Verein unterst\u00fctzt mich&#8220; PSG-Trainer rechtfertigt Rauswurf von Superstar 13.08.2025, 05:57 Uhr Nach Jahren als Nummer 1 sortiert&hellip;\n","protected":false},"author":2,"featured_media":341040,"comment_status":"","ping_status":"","sticky":false,"template":"","format":"standard","meta":{"footnotes":""},"categories":[136],"tags":[29,347,30,12836,265,4443],"class_list":{"0":"post-341039","1":"post","2":"type-post","3":"status-publish","4":"format-standard","5":"has-post-thumbnail","7":"category-sport","8":"tag-deutschland","9":"tag-fussball","10":"tag-germany","11":"tag-paris-st-germain","12":"tag-sport","13":"tag-transfers-und-geruechte"},"share_on_mastodon":{"url":"https:\/\/pubeurope.com\/@de\/115020465662646700","error":""},"_links":{"self":[{"href":"https:\/\/www.europesays.com\/de\/wp-json\/wp\/v2\/posts\/341039","targetHints":{"allow":["GET"]}}],"collection":[{"href":"https:\/\/www.europesays.com\/de\/wp-json\/wp\/v2\/posts"}],"about":[{"href":"https:\/\/www.europesays.com\/de\/wp-json\/wp\/v2\/types\/post"}],"author":[{"embeddable":true,"href":"https:\/\/www.europesays.com\/de\/wp-json\/wp\/v2\/users\/2"}],"replies":[{"embeddable":true,"href":"https:\/\/www.europesays.com\/de\/wp-json\/wp\/v2\/comments?post=341039"}],"version-history":[{"count":0,"href":"https:\/\/www.europesays.com\/de\/wp-json\/wp\/v2\/posts\/341039\/revisions"}],"wp:featuredmedia":[{"embeddable":true,"href":"https:\/\/www.europesays.com\/de\/wp-json\/wp\/v2\/media\/341040"}],"wp:attachment":[{"href":"https:\/\/www.europesays.com\/de\/wp-json\/wp\/v2\/media?parent=341039"}],"wp:term":[{"taxonomy":"category","embeddable":true,"href":"https:\/\/www.europesays.com\/de\/wp-json\/wp\/v2\/categories?post=341039"},{"taxonomy":"post_tag","embeddable":true,"href":"https:\/\/www.europesays.com\/de\/wp-json\/wp\/v2\/tags?post=341039"}],"curies":[{"name":"wp","href":"https:\/\/api.w.org\/{rel}","templated":true}]}}