{"id":341061,"date":"2025-08-13T08:27:12","date_gmt":"2025-08-13T08:27:12","guid":{"rendered":"https:\/\/www.europesays.com\/de\/341061\/"},"modified":"2025-08-13T08:27:12","modified_gmt":"2025-08-13T08:27:12","slug":"noch-anmelden-fuer-den-santander-run-fun-moenchengladbach","status":"publish","type":"post","link":"https:\/\/www.europesays.com\/de\/341061\/","title":{"rendered":"Noch anmelden f\u00fcr den Santander Run &#038; Fun M\u00f6nchengladbach"},"content":{"rendered":"<p class=\"text_ohne_einzug richtext text-em-55 !leading-serif mx-6 desktop:mx-0\"> Start des Santander Run &amp; Fun ist der Hockeypark in M\u00f6nchengladbach. Von dort f\u00fchrt die cirka 5,2 Kilometer lange Laufstrecke rund um den Nordpark zur\u00fcck ins Stadion. Umjubelt von Kollegen, Freunden, Fans und begleitet vom Lob der Moderatoren laufen die Starter im Ziel \u00fcber die Matten der Zeitmessung. Danach werden die Gewinner in den Siegerkategorien geehrt und es wird gefeiert.<\/p>\n","protected":false},"excerpt":{"rendered":"Start des Santander Run &amp; Fun ist der Hockeypark in M\u00f6nchengladbach. Von dort f\u00fchrt die cirka 5,2 Kilometer&hellip;\n","protected":false},"author":2,"featured_media":341062,"comment_status":"","ping_status":"","sticky":false,"template":"","format":"standard","meta":{"footnotes":""},"categories":[1849],"tags":[3364,29,548,663,3934,30,13,4455,14,15,1209,12],"class_list":{"0":"post-341061","1":"post","2":"type-post","3":"status-publish","4":"format-standard","5":"has-post-thumbnail","7":"category-moenchengladbach","8":"tag-de","9":"tag-deutschland","10":"tag-eu","11":"tag-europa","12":"tag-europe","13":"tag-germany","14":"tag-headlines","15":"tag-moenchengladbach","16":"tag-nachrichten","17":"tag-news","18":"tag-nordrhein-westfalen","19":"tag-schlagzeilen"},"share_on_mastodon":{"url":"https:\/\/pubeurope.com\/@de\/115020512884300732","error":""},"_links":{"self":[{"href":"https:\/\/www.europesays.com\/de\/wp-json\/wp\/v2\/posts\/341061","targetHints":{"allow":["GET"]}}],"collection":[{"href":"https:\/\/www.europesays.com\/de\/wp-json\/wp\/v2\/posts"}],"about":[{"href":"https:\/\/www.europesays.com\/de\/wp-json\/wp\/v2\/types\/post"}],"author":[{"embeddable":true,"href":"https:\/\/www.europesays.com\/de\/wp-json\/wp\/v2\/users\/2"}],"replies":[{"embeddable":true,"href":"https:\/\/www.europesays.com\/de\/wp-json\/wp\/v2\/comments?post=341061"}],"version-history":[{"count":0,"href":"https:\/\/www.europesays.com\/de\/wp-json\/wp\/v2\/posts\/341061\/revisions"}],"wp:featuredmedia":[{"embeddable":true,"href":"https:\/\/www.europesays.com\/de\/wp-json\/wp\/v2\/media\/341062"}],"wp:attachment":[{"href":"https:\/\/www.europesays.com\/de\/wp-json\/wp\/v2\/media?parent=341061"}],"wp:term":[{"taxonomy":"category","embeddable":true,"href":"https:\/\/www.europesays.com\/de\/wp-json\/wp\/v2\/categories?post=341061"},{"taxonomy":"post_tag","embeddable":true,"href":"https:\/\/www.europesays.com\/de\/wp-json\/wp\/v2\/tags?post=341061"}],"curies":[{"name":"wp","href":"https:\/\/api.w.org\/{rel}","templated":true}]}}