{"id":341131,"date":"2025-08-13T09:08:11","date_gmt":"2025-08-13T09:08:11","guid":{"rendered":"https:\/\/www.europesays.com\/de\/341131\/"},"modified":"2025-08-13T09:08:11","modified_gmt":"2025-08-13T09:08:11","slug":"essen-heisingen-rettungseinsatz-im-schellenberger-wald-regional","status":"publish","type":"post","link":"https:\/\/www.europesays.com\/de\/341131\/","title":{"rendered":"Essen-Heisingen: Rettungseinsatz im Schellenberger Wald | Regional"},"content":{"rendered":"<p>Essen-Heisingen, 12.08.2025, 13:45 Uhr \u2013 <b>Ein Spaziergang im Schellenberger Wald wurde f\u00fcr eine 86-j\u00e4hrige Frau und ihre Enkelin zum Notfall.<\/b><\/p>\n<p>Die \u00e4ltere Dame erlitt pl\u00f6tzlich gesundheitliche Probleme, w\u00e4hrend sie mit ihrer 12-j\u00e4hrigen Enkelin unterwegs war. Die erste Ortung des Notrufs zeigte einen Standort unterhalb der Uhlenstra\u00dfe. Die Enkelin gab an, sich in der N\u00e4he des Jagdhauses Schellenberg zu befinden \u2013 etwa ein Kilometer Luftlinie entfernt.<\/p>\n<p>Auch interessant<\/p>\n<p>Anzeige<\/p>\n<p>Auch interessant<\/p>\n<p>Anzeige<\/p>\n<p>Die Leitstelle schickte sofort einen Rettungswagen und eines der neuen ATVs (All-Terrain-Vehicle) los. Auch die Polizei wurde alarmiert und entsandte zwei Einheiten, darunter eine Motorradstreife.<\/p>\n<p>Durch mehrere R\u00fcckrufe konnte die genaue Position ermittelt werden. Dank der Hilfe einer Passantin fanden die Rettungskr\u00e4fte die Frau schnell. Sie wurde vor Ort versorgt und mit einem Tragetuch zum Rettungswagen gebracht, da die Wege nicht f\u00fcr gro\u00dfe Fahrzeuge geeignet sind.<\/p>\n<p>Der Rettungswagen brachte die Patientin in ein nahegelegenes Krankenhaus. Der Einsatz endete um 15.25 Uhr.<\/p>\n<p>Hintergrund: Die Feuerwehr Essen hat 2024 zwei ATVs angeschafft. Diese kleinen, wendigen Fahrzeuge sind ideal f\u00fcr unwegsames Gel\u00e4nde und sollen in Zukunft noch besser ausgestattet werden, um spezialisierte Eins\u00e4tze zu unterst\u00fctzen.<\/p>\n<p>Dieser Text basiert auf einer offiziellen Beh\u00f6rden-Information und wurde mit Hilfe von KI erstellt.<\/p>\n","protected":false},"excerpt":{"rendered":"Essen-Heisingen, 12.08.2025, 13:45 Uhr \u2013 Ein Spaziergang im Schellenberger Wald wurde f\u00fcr eine 86-j\u00e4hrige Frau und ihre Enkelin&hellip;\n","protected":false},"author":2,"featured_media":329406,"comment_status":"","ping_status":"","sticky":false,"template":"","format":"standard","meta":{"footnotes":""},"categories":[1834],"tags":[3364,29,3688,985,30,2509,1209,121,45,2624],"class_list":{"0":"post-341131","1":"post","2":"type-post","3":"status-publish","4":"format-standard","5":"has-post-thumbnail","7":"category-essen","8":"tag-de","9":"tag-deutschland","10":"tag-essen","11":"tag-feuerwehr","12":"tag-germany","13":"tag-ki-ots","14":"tag-nordrhein-westfalen","15":"tag-polizei","16":"tag-texttospeech","17":"tag-unfaelle"},"share_on_mastodon":{"url":"https:\/\/pubeurope.com\/@de\/115020674196696305","error":""},"_links":{"self":[{"href":"https:\/\/www.europesays.com\/de\/wp-json\/wp\/v2\/posts\/341131","targetHints":{"allow":["GET"]}}],"collection":[{"href":"https:\/\/www.europesays.com\/de\/wp-json\/wp\/v2\/posts"}],"about":[{"href":"https:\/\/www.europesays.com\/de\/wp-json\/wp\/v2\/types\/post"}],"author":[{"embeddable":true,"href":"https:\/\/www.europesays.com\/de\/wp-json\/wp\/v2\/users\/2"}],"replies":[{"embeddable":true,"href":"https:\/\/www.europesays.com\/de\/wp-json\/wp\/v2\/comments?post=341131"}],"version-history":[{"count":0,"href":"https:\/\/www.europesays.com\/de\/wp-json\/wp\/v2\/posts\/341131\/revisions"}],"wp:featuredmedia":[{"embeddable":true,"href":"https:\/\/www.europesays.com\/de\/wp-json\/wp\/v2\/media\/329406"}],"wp:attachment":[{"href":"https:\/\/www.europesays.com\/de\/wp-json\/wp\/v2\/media?parent=341131"}],"wp:term":[{"taxonomy":"category","embeddable":true,"href":"https:\/\/www.europesays.com\/de\/wp-json\/wp\/v2\/categories?post=341131"},{"taxonomy":"post_tag","embeddable":true,"href":"https:\/\/www.europesays.com\/de\/wp-json\/wp\/v2\/tags?post=341131"}],"curies":[{"name":"wp","href":"https:\/\/api.w.org\/{rel}","templated":true}]}}