{"id":341166,"date":"2025-08-13T09:26:14","date_gmt":"2025-08-13T09:26:14","guid":{"rendered":"https:\/\/www.europesays.com\/de\/341166\/"},"modified":"2025-08-13T09:26:14","modified_gmt":"2025-08-13T09:26:14","slug":"videoschalten-vor-trump-putin-treffen-selenskyj-kommt-heute-zu-beratungen-nach-berlin","status":"publish","type":"post","link":"https:\/\/www.europesays.com\/de\/341166\/","title":{"rendered":"Videoschalten vor Trump-Putin-Treffen &#8211; Selenskyj kommt heute zu Beratungen nach Berlin"},"content":{"rendered":"<p>                    <img decoding=\"async\" loading=\"lazy\" class=\"internal-image\" title=\"Wolodymyr Selenskyj steht auf einem Podium vor blauem Hintergrund.\" alt=\"Wolodymyr Selenskyj steht auf einem Podium vor blauem Hintergrund.\" src=\"https:\/\/www.europesays.com\/de\/wp-content\/uploads\/2025\/08\/wolodymyr-selenskyj-ukraine-praesident-102-1920x1080.jpg\" \/><\/p>\n<p>                  Der ukrainische Pr\u00e4sident Wolodymyr Selenskyj (Archivbild) (imago \/ Gruppo LiveMedia \/ Domenico Cippitelli)<\/p>\n<p>Er werde am Mittag in Berlin erwartet, erfuhr die Deutsche Presse-Agentur aus Regierungskreisen. Demnach sind ein kurzes Mittagessen mit Bundeskanzler Merz und \u00f6ffentliche Statements am Nachmittag geplant. Selenskyjs Sprecher best\u00e4tigte den Besuch im ukrainischen Fernsehen.\u00a0Nach Angaben der Berliner Polizei wird es zu kurzfristigen Sperrungen im gesamten Parlaments- und Regierungsviertel kommen. Als Grund wurde der Arbeitsbesuch eines Staatsgastes angef\u00fchrt, ohne den Namen des ukrainischen Pr\u00e4sidenten zu nennen.<\/p>\n<p>In Berlin will Bundeskanzler Merz sich heute zun\u00e4chst mit europ\u00e4ischen Verb\u00fcndeten der Ukraine sowie NATO-Generalsekret\u00e4r Rutte zusammenschalten. Im Anschluss ist ein Video-Gespr\u00e4ch mit US-Pr\u00e4sident Trump und dessen Vize Vance geplant. F\u00fcr die Europ\u00e4er und die Ukraine geht es darum, eine gemeinsame Linie mit Trump vor dessen Treffen mit Kremlchef Putin am Freitag im US-Bundesstaat Alaska zu finden.\u00a0<\/p>\n<p>Diese Nachricht wurde am 13.08.2025 im Programm Deutschlandfunk gesendet.<\/p>\n","protected":false},"excerpt":{"rendered":"Der ukrainische Pr\u00e4sident Wolodymyr Selenskyj (Archivbild) (imago \/ Gruppo LiveMedia \/ Domenico Cippitelli) Er werde am Mittag in&hellip;\n","protected":false},"author":2,"featured_media":327169,"comment_status":"","ping_status":"","sticky":false,"template":"","format":"standard","meta":{"footnotes":""},"categories":[1825],"tags":[1941,1939,296,1937,29,30,1940,1938],"class_list":{"0":"post-341166","1":"post","2":"type-post","3":"status-publish","4":"format-standard","5":"has-post-thumbnail","7":"category-berlin","8":"tag-aktuelle-nachrichten-aus-berlin","9":"tag-aktuelle-news-aus-berlin","10":"tag-berlin","11":"tag-berlin-news","12":"tag-deutschland","13":"tag-germany","14":"tag-nachrichten-aus-berlin","15":"tag-news-aus-berlin"},"share_on_mastodon":{"url":"https:\/\/pubeurope.com\/@de\/115020744974550862","error":""},"_links":{"self":[{"href":"https:\/\/www.europesays.com\/de\/wp-json\/wp\/v2\/posts\/341166","targetHints":{"allow":["GET"]}}],"collection":[{"href":"https:\/\/www.europesays.com\/de\/wp-json\/wp\/v2\/posts"}],"about":[{"href":"https:\/\/www.europesays.com\/de\/wp-json\/wp\/v2\/types\/post"}],"author":[{"embeddable":true,"href":"https:\/\/www.europesays.com\/de\/wp-json\/wp\/v2\/users\/2"}],"replies":[{"embeddable":true,"href":"https:\/\/www.europesays.com\/de\/wp-json\/wp\/v2\/comments?post=341166"}],"version-history":[{"count":0,"href":"https:\/\/www.europesays.com\/de\/wp-json\/wp\/v2\/posts\/341166\/revisions"}],"wp:featuredmedia":[{"embeddable":true,"href":"https:\/\/www.europesays.com\/de\/wp-json\/wp\/v2\/media\/327169"}],"wp:attachment":[{"href":"https:\/\/www.europesays.com\/de\/wp-json\/wp\/v2\/media?parent=341166"}],"wp:term":[{"taxonomy":"category","embeddable":true,"href":"https:\/\/www.europesays.com\/de\/wp-json\/wp\/v2\/categories?post=341166"},{"taxonomy":"post_tag","embeddable":true,"href":"https:\/\/www.europesays.com\/de\/wp-json\/wp\/v2\/tags?post=341166"}],"curies":[{"name":"wp","href":"https:\/\/api.w.org\/{rel}","templated":true}]}}