{"id":341214,"date":"2025-08-13T09:52:11","date_gmt":"2025-08-13T09:52:11","guid":{"rendered":"https:\/\/www.europesays.com\/de\/341214\/"},"modified":"2025-08-13T09:52:11","modified_gmt":"2025-08-13T09:52:11","slug":"schuelerticket-leicht-gemacht-aktion-zum-neuen-schuljahr","status":"publish","type":"post","link":"https:\/\/www.europesays.com\/de\/341214\/","title":{"rendered":"&#8222;Sch\u00fclerticket leicht gemacht&#8220; &#8211; Aktion zum neuen Schuljahr"},"content":{"rendered":"<p>Wiesbaden, 13.08.2025. Am Montag, 18. August, und Dienstag, 19. August 2025, bietet ESWE Verkehr eine besondere Beratungsaktion in der Mobilit\u00e4tszentrale in der Wiesbadener Marktstra\u00dfe 10 an. Zwischen 13:00 und 17:00 Uhr k\u00f6nnen Kundinnen und Kunden alle Fragen rund um das Sch\u00fclerticket kl\u00e4ren, einen neuen Antrag stellen oder ihr bestehendes Abonnement mit pers\u00f6nlicher Unterst\u00fctzung vor Ort direkt im Abo-Online-Portal verl\u00e4ngern.<\/p>\n<p>Letzte Gelegenheit f\u00fcr Bestellungen zum 1. September<\/p>\n<p>Basierend auf den Erfahrungen der vergangenen Jahre, gehen bei ESWE Verkehr nach den Sommerferien viele Anfragen von Kundinnen und Kunden ein, deren Antrag f\u00fcr das Sch\u00fclerticket nicht rechtzeitig vorlag. Damit der Start ins neue Schuljahr reibungslos gelingt, bietet ESWE Verkehr daher diesen Aktionstag an.<\/p>\n<p>Da die regul\u00e4re Bestellfrist f\u00fcr ein Sch\u00fclerticket mit Beginn zum 1. September 2025 bereits am 10. August 2025 endete, stellt diese Aktion zugleich die letzte Gelegenheit dar, ein Sch\u00fclerticket mit diesem Startdatum zu erhalten. Sp\u00e4tere Abschl\u00fcsse mit G\u00fcltigkeitsbeginn zum 1. September sind nicht mehr m\u00f6glich.\u00a0<\/p>\n<p>F\u00fcr alle, die ihr Sch\u00fclerticket w\u00e4hrend der Aktionstage im Abo-Online-Portal bestellen, gibt es eine Mini-Schult\u00fcte mit n\u00fctzlichen Helfern f\u00fcr den Schulalltag (solange der Vorrat reicht).<\/p>\n<p>Konkrete Hilfe vor Ort<\/p>\n<p>Die Aktion richtet sich sowohl an Neukundinnen und Neukunden als auch an Bestandskundinnen und -kunden, die bislang noch kein Online-Abonnement besitzen. Au\u00dferdem sind alle willkommen, die ihr bestehendes Abonnement bequem online verl\u00e4ngern m\u00f6chten. Das Personal in der Mobilit\u00e4tszentrale bietet dabei konkrete Hilfe an.<\/p>\n<p>Erforderliche Unterlagen<\/p>\n<p>Damit der Antrag direkt vor Ort bearbeitet werden kann, sollten folgende Nachweise mitgebracht werden (abh\u00e4ngig von der Ticketart):<\/p>\n<ul class=\"list-normal\">\n<li>Sch\u00fclerticket Hessen: Altersnachweis (bis 17 Jahre) oder Schul-\/Ausbildungsbescheinigung (ab 18 Jahren oder bei Wohnort au\u00dferhalb Hessens)<\/li>\n<li>Sch\u00fclerticket Hessen WI15: Nachweis von Alter und Wohnort (z. B. Meldebescheinigung)<\/li>\n<li>Sch\u00fclerticket Hessen WI15 (10 \u20ac\/Monat): Hessenpass mobil oder Nachweis \u00fcber Wohngeld, B\u00fcrgergeld, Kinderzuschlag o. \u00c4.<\/li>\n<\/ul>\n<p>Zum Sch\u00fclerticket und zu dieser Aktion hat ESWE Verkehr eine Website eingerichtet, die sich unter folgendem Link aufrufen l\u00e4sst: <a href=\"https:\/\/www.eswe-verkehr.de\/schuelerticket-leicht-gemacht.html\" target=\"_blank\" class=\"Hyperlink SCXW53919987 BCX8\" title=\"\u00d6ffnet Link in neuem Fenster\" rel=\"noreferrer noopener nofollow\"><strong>Sch\u00fclerticket \u2013 leicht gemacht! &#8211; ESWE Verkehr<\/strong><\/a><\/p>\n<p>Weitere Informationen \u00fcber Wiesbadens Mobilit\u00e4tsdienstleister sind auf <a href=\"http:\/\/www.eswe-verkehr.de\/\" target=\"_blank\" title=\"Link \u00f6ffnet Seite in neuem Fenster\" rel=\"nofollow noopener\">www.eswe-verkehr.de<\/a> oder auch \u00fcber die Kan\u00e4le in den <a href=\"https:\/\/www.eswe-verkehr.de\/interaktiv\" target=\"_blank\" title=\"Link \u00f6ffnet Seite in neuem Fenster\" rel=\"nofollow noopener\">sozialen Netzwerken<\/a> abrufbar.<\/p>\n<p>\u00a0<\/p>\n","protected":false},"excerpt":{"rendered":"Wiesbaden, 13.08.2025. Am Montag, 18. August, und Dienstag, 19. August 2025, bietet ESWE Verkehr eine besondere Beratungsaktion in&hellip;\n","protected":false},"author":2,"featured_media":341215,"comment_status":"","ping_status":"","sticky":false,"template":"","format":"standard","meta":{"footnotes":""},"categories":[1847],"tags":[3364,29,548,663,3934,30,13,2052,14,15,12,4544],"class_list":{"0":"post-341214","1":"post","2":"type-post","3":"status-publish","4":"format-standard","5":"has-post-thumbnail","7":"category-wiesbaden","8":"tag-de","9":"tag-deutschland","10":"tag-eu","11":"tag-europa","12":"tag-europe","13":"tag-germany","14":"tag-headlines","15":"tag-hessen","16":"tag-nachrichten","17":"tag-news","18":"tag-schlagzeilen","19":"tag-wiesbaden"},"share_on_mastodon":{"url":"https:\/\/pubeurope.com\/@de\/115020847105776864","error":""},"_links":{"self":[{"href":"https:\/\/www.europesays.com\/de\/wp-json\/wp\/v2\/posts\/341214","targetHints":{"allow":["GET"]}}],"collection":[{"href":"https:\/\/www.europesays.com\/de\/wp-json\/wp\/v2\/posts"}],"about":[{"href":"https:\/\/www.europesays.com\/de\/wp-json\/wp\/v2\/types\/post"}],"author":[{"embeddable":true,"href":"https:\/\/www.europesays.com\/de\/wp-json\/wp\/v2\/users\/2"}],"replies":[{"embeddable":true,"href":"https:\/\/www.europesays.com\/de\/wp-json\/wp\/v2\/comments?post=341214"}],"version-history":[{"count":0,"href":"https:\/\/www.europesays.com\/de\/wp-json\/wp\/v2\/posts\/341214\/revisions"}],"wp:featuredmedia":[{"embeddable":true,"href":"https:\/\/www.europesays.com\/de\/wp-json\/wp\/v2\/media\/341215"}],"wp:attachment":[{"href":"https:\/\/www.europesays.com\/de\/wp-json\/wp\/v2\/media?parent=341214"}],"wp:term":[{"taxonomy":"category","embeddable":true,"href":"https:\/\/www.europesays.com\/de\/wp-json\/wp\/v2\/categories?post=341214"},{"taxonomy":"post_tag","embeddable":true,"href":"https:\/\/www.europesays.com\/de\/wp-json\/wp\/v2\/tags?post=341214"}],"curies":[{"name":"wp","href":"https:\/\/api.w.org\/{rel}","templated":true}]}}