{"id":341381,"date":"2025-08-13T11:24:12","date_gmt":"2025-08-13T11:24:12","guid":{"rendered":"https:\/\/www.europesays.com\/de\/341381\/"},"modified":"2025-08-13T11:24:12","modified_gmt":"2025-08-13T11:24:12","slug":"holt-der-vfl-bochum-ein-frueheres-koeln-juwel-zurueck-nach-nrw","status":"publish","type":"post","link":"https:\/\/www.europesays.com\/de\/341381\/","title":{"rendered":"Holt der VfL Bochum ein fr\u00fcheres K\u00f6ln-Juwel zur\u00fcck nach NRW?"},"content":{"rendered":"<p class=\"dm-paragraph my-8 dm-article-content-width\" index=\"0\" should-collapse-on-mobile=\"true\" has-padding=\"\" data-v-586984a4=\"\">Sein Abgang beim 1. FC K\u00f6ln war von einigen Nebenger\u00e4uschen begleitet, sportlich schl\u00e4gt Justin Diehl (20) seit dem Wechsel zum VfB Stuttgart allerdings nur leise T\u00f6ne an.<\/p>\n<p class=\"dm-paragraph my-8 dm-article-content-width\" index=\"1\" should-collapse-on-mobile=\"true\" has-padding=\"\" data-v-586984a4=\"\">Der hochbegabte Fl\u00fcgelst\u00fcrmer entschied sich gegen einen Verbleib in seiner Heimatstadt und ging vor einem Jahr zum VfB. <a target=\"_blank\" href=\"https:\/\/www.express.de\/sport\/fussball\/enttaeuschende-debuet-saison-ex-koelner-diehl-macht-stuttgart-ansage-1063406\" rel=\"nofollow noopener\">Durch reichlich Verletzungspech kam Diehl allerdings \u00fcberhaupt nicht in Tritt<\/a>, ist f\u00fcr den <a href=\"https:\/\/www.express.de\/themen\/fussball-bundesliga\" rel=\"nofollow noopener\" target=\"_blank\">Bundesliga<\/a>-Kader vorerst keine Option. Jetzt winkt eine attraktive Leihe.<\/p>\n<p>Justin Diehl ein Kandidat in Bochum<\/p>\n<p class=\"dm-paragraph my-8 dm-article-content-width\" index=\"3\" should-collapse-on-mobile=\"true\" has-padding=\"\" data-v-586984a4=\"\">Wie das Magazin \u201e<a target=\"_blank\" rel=\"nofollow noopener\" href=\"https:\/\/vfl-magazin.de\/broschinski-verlaesst-bochum\/\">Tief im Westen<\/a>\u201c berichtet, k\u00f6nnte Diehl die neue Spielzeit beim VfL Bochum verbringen, wo regelm\u00e4\u00dfige Spielzeit auf einem verh\u00e4ltnism\u00e4\u00dfig hohen Niveau winkt.<\/p>\n<p class=\"dm-paragraph my-8 dm-article-content-width\" index=\"4\" should-collapse-on-mobile=\"true\" has-padding=\"\" data-v-586984a4=\"\"><b>Die Stuttgarter Zweitvertretung, wo Diehl 2024\/2025 mehrfach Spielpraxis sammelte, spielt eine Liga tiefer. In der vergangenen Spielzeit lief der Junioren-Nationalspieler sechs Mal in der <a href=\"https:\/\/www.express.de\/themen\/fussball-bundesliga\" rel=\"nofollow noopener\" target=\"_blank\">Bundesliga<\/a> f\u00fcr den VfB auf, sieben Spiele kamen in der 3. Liga hinzu. <\/b><\/p>\n<p class=\"dm-paragraph my-8 dm-article-content-width\" index=\"5\" should-collapse-on-mobile=\"true\" has-padding=\"\" data-v-586984a4=\"\">Folgt jetzt das Deb\u00fct inklusive m\u00f6glichst vieler weiterer Auftritte in Liga zwei?\u00a0Diehl wird beim <a href=\"https:\/\/www.express.de\/themen\/fussball-bundesliga\" rel=\"nofollow noopener\" target=\"_blank\">Bundesliga<\/a>-Absteiger als Besetzung f\u00fcr die Planstelle gehandelt, die Angreifer Moritz Broschinski (24) freimacht. Den St\u00fcrmer muss Bochum zum Schweizer Meister FC Basel ziehen lassen, 2,5 Millionen Euro streicht der Klub an Abl\u00f6se ein.<\/p>\n<p class=\"dm-paragraph my-8 dm-article-content-width\" index=\"6\" should-collapse-on-mobile=\"true\" has-padding=\"\" data-v-586984a4=\"\">Diehl ist als Fl\u00fcgel-Dribbler zwar ein ganz anderer Spielertyp als der gro\u00dfgewachsene Broschinski (1,90 Meter gro\u00df), die direkten Nachfolger hat Trainer Dieter Hecking (60) mit Routinier Philipp Hofmann (32) und Ibrahima Sissoko (29) aber bereits in seinem Kader.<\/p>\n<p><img decoding=\"async\" width=\"4000\" height=\"2667\" alt=\"Justin Diehl beim VfB Stuttgart im Training.\" loading=\"lazy\" onerror=\"this.setAttribute('data-error', 1)\" class=\"dm-figure__image dm-figure__image--undefined undefined\" data-nuxt-pic=\"\" src=\"https:\/\/www.europesays.com\/de\/wp-content\/uploads\/2025\/08\/2bf1bc1d-2d3e-4493-a301-5c70b5584699.jpeg\"  \/><\/p>\n<p class=\"dm-figure__copyright\" data-v-63d81680=\"\">Copyright: IMAGO\/Eibner<\/p>\n<p class=\"dm-figure__subline font-serif\" data-v-63d81680=\"\">Justin Diehl am 9. Juli 2025 beim VfB Stuttgart im Training.<\/p>\n<p class=\"dm-paragraph my-8 dm-article-content-width\" index=\"8\" should-collapse-on-mobile=\"true\" has-padding=\"\" data-v-586984a4=\"\">Ein Profi auf der Au\u00dfenbahn, der dem Spiel der Bochumer ein kreatives Element verleihen kann, steht dagegen noch auf der Wunschliste der Verantwortlichen. In dieses Profil w\u00fcrde Diehl wiederum perfekt passen.\u00a0<\/p>\n<p class=\"dm-paragraph my-8 dm-article-content-width\" index=\"9\" should-collapse-on-mobile=\"true\" has-padding=\"\" data-v-586984a4=\"\">Der geb\u00fcrtige K\u00f6lner war beim FC in der Abstiegs-Saison 2023\/2024 zun\u00e4chst nicht von Trainer <a target=\"_blank\" href=\"https:\/\/www.express.de\/themen\/steffen-baumgart\" rel=\"nofollow noopener\">Steffen Baumgart<\/a> (53) ber\u00fccksichtigt worden, als bereits absehbar war, dass Diehl seinen Vertrag nicht verl\u00e4ngern w\u00fcrde.<\/p>\n<p class=\"dm-paragraph my-8 dm-article-content-width\" index=\"10\" should-collapse-on-mobile=\"true\" has-padding=\"\" data-v-586984a4=\"\">In der Not setzte Nachfolger Timo Schultz (47) den Youngster sp\u00e4ter zwar sieben Mal in der <a href=\"https:\/\/www.express.de\/themen\/fussball-bundesliga\" rel=\"nofollow noopener\" target=\"_blank\">Bundesliga<\/a> ein, entscheidenden Einfluss im letztlich erfolglosen Kampf um den Klassenerhalt nahm er trotz vielversprechender Ans\u00e4tze allerdings nicht. Das Saisonfinale verpasste Diehl schlie\u00dflich nach einer Suspendierung.<\/p>\n","protected":false},"excerpt":{"rendered":"Sein Abgang beim 1. FC K\u00f6ln war von einigen Nebenger\u00e4uschen begleitet, sportlich schl\u00e4gt Justin Diehl (20) seit dem&hellip;\n","protected":false},"author":2,"featured_media":341382,"comment_status":"","ping_status":"","sticky":false,"template":"","format":"standard","meta":{"footnotes":""},"categories":[1839],"tags":[7507,3364,29,30,1209],"class_list":{"0":"post-341381","1":"post","2":"type-post","3":"status-publish","4":"format-standard","5":"has-post-thumbnail","7":"category-bochum","8":"tag-bochum","9":"tag-de","10":"tag-deutschland","11":"tag-germany","12":"tag-nordrhein-westfalen"},"share_on_mastodon":{"url":"https:\/\/pubeurope.com\/@de\/115021208864682675","error":""},"_links":{"self":[{"href":"https:\/\/www.europesays.com\/de\/wp-json\/wp\/v2\/posts\/341381","targetHints":{"allow":["GET"]}}],"collection":[{"href":"https:\/\/www.europesays.com\/de\/wp-json\/wp\/v2\/posts"}],"about":[{"href":"https:\/\/www.europesays.com\/de\/wp-json\/wp\/v2\/types\/post"}],"author":[{"embeddable":true,"href":"https:\/\/www.europesays.com\/de\/wp-json\/wp\/v2\/users\/2"}],"replies":[{"embeddable":true,"href":"https:\/\/www.europesays.com\/de\/wp-json\/wp\/v2\/comments?post=341381"}],"version-history":[{"count":0,"href":"https:\/\/www.europesays.com\/de\/wp-json\/wp\/v2\/posts\/341381\/revisions"}],"wp:featuredmedia":[{"embeddable":true,"href":"https:\/\/www.europesays.com\/de\/wp-json\/wp\/v2\/media\/341382"}],"wp:attachment":[{"href":"https:\/\/www.europesays.com\/de\/wp-json\/wp\/v2\/media?parent=341381"}],"wp:term":[{"taxonomy":"category","embeddable":true,"href":"https:\/\/www.europesays.com\/de\/wp-json\/wp\/v2\/categories?post=341381"},{"taxonomy":"post_tag","embeddable":true,"href":"https:\/\/www.europesays.com\/de\/wp-json\/wp\/v2\/tags?post=341381"}],"curies":[{"name":"wp","href":"https:\/\/api.w.org\/{rel}","templated":true}]}}