{"id":341421,"date":"2025-08-13T11:45:17","date_gmt":"2025-08-13T11:45:17","guid":{"rendered":"https:\/\/www.europesays.com\/de\/341421\/"},"modified":"2025-08-13T11:45:17","modified_gmt":"2025-08-13T11:45:17","slug":"schwere-unfaelle-auf-a1-zwischen-bremen-und-hamburg-sorgen-fuer-stau-chaos","status":"publish","type":"post","link":"https:\/\/www.europesays.com\/de\/341421\/","title":{"rendered":"Schwere Unf\u00e4lle auf A1 zwischen Bremen und Hamburg sorgen f\u00fcr Stau-Chaos"},"content":{"rendered":"<ol class=\"id-DonaldBreadcrumb lp_west_breadcrumb id-DonaldBreadcrumb--default\" data-k5a-pos=\"west_breadcrumb\">\n<li class=\"id-Breadcrumb-item\"><a href=\"https:\/\/www.kreiszeitung.de\/\" class=\"id-Breadcrumb-link\" data-id-ec=\"{\" shn=\"\" textlink=\"\" data-k5a-pos=\"1_startseite\" rel=\"nofollow noopener\" target=\"_blank\">Startseite<\/a><\/li>\n<li class=\"id-Breadcrumb-item\"><a href=\"https:\/\/www.kreiszeitung.de\/lokales\/\" class=\"id-Breadcrumb-link\" data-id-ec=\"{\" shn=\"\" textlink=\"\" data-k5a-pos=\"2_lokales\" rel=\"nofollow noopener\" target=\"_blank\">Lokales<\/a><\/li>\n<li class=\"id-Breadcrumb-item\"><a href=\"https:\/\/www.kreiszeitung.de\/lokales\/niedersachsen\/\" class=\"id-Breadcrumb-link\" data-id-ec=\"{\" shn=\"\" textlink=\"\" data-k5a-pos=\"3_niedersachsen\" rel=\"nofollow noopener\" target=\"_blank\">Niedersachsen<\/a><\/li>\n<\/ol>\n<p class=\"id-Story-timestamp id-Story-timestamp--default\">Stand: 13.08.2025, 11:37 Uhr<\/p>\n<p class=\"id-Story-authors id-Story-authors--default\">Von: <a class=\"id-Story-authors-link lp_west_author\" href=\"https:\/\/www.kreiszeitung.de\/autor\/carolin-gehrmann-4v5tnip5.html\" title=\"Zur Autorenseite von Carolin Gehrmann\" data-id-ec=\"{\" shn=\"\" author-link=\"\" gehrmann=\"\" data-k5a-pos=\"west_author\" rel=\"nofollow noopener\" target=\"_blank\">Carolin Gehrmann<\/a><\/p>\n<p class=\"id-Story-interactionBar id-Story-interactionBar--default\">DruckenTeilen<\/p>\n<p><img decoding=\"async\" class=\"id-RatioPlaceholder-element wv_story_el_image\" src=\"https:\/\/www.europesays.com\/de\/wp-content\/uploads\/2025\/08\/35927081-blick-auf-die-autobahn-bei-stuhr-und-bremen-darueber-ist-ein-blaulicht-montiert-qfe.jpg\" loading=\"eager\" fetchpriority=\"high\"   height=\"619\" width=\"1100\" alt=\"Blick auf die Autobahn 1 bei Stuhr und Bremen. Dar&#xFC;ber ist ein Blaulicht montiert.\"\/>Zwei schwere Unf\u00e4lle auf der A1 bei Rotenburg sorgen aktuell f\u00fcr Staus. (Symbolbild) \u00a9\u00a0Sina Schuldt\/dpa &amp; dpa (Montage)<\/p>\n<p class=\"id-StoryElement-leadText\">Zwei schwere Unf\u00e4lle blockieren die A1 zwischen Bremen und Hamburg. Ein LKW-Fahrer starb bei Rotenburg. Autofahrer m\u00fcssen mit erheblichen Verz\u00f6gerungen rechnen.<\/p>\n<p class=\"id-StoryElement-paragraph\">Auf der Autobahn 1 zwischen <a href=\"https:\/\/www.kreiszeitung.de\/lokales\/bremen\/\" class=\"id-import-Link\" title=\"Bremen\" data-id-ec=\"{&quot;sht&quot;:&quot;Container&quot;,&quot;shn&quot;:&quot;Story&quot;,&quot;p&quot;:{&quot;containerType&quot;:&quot;Paragraph&quot;,&quot;displayType&quot;:&quot;Paragraph InlineLink&quot;,&quot;type&quot;:&quot;INLINE_LINK&quot;,&quot;value&quot;:&quot;Bremen&quot;,&quot;variant&quot;:&quot;standardLink&quot;,&quot;sponsored&quot;:false,&quot;linkHref&quot;:&quot;https:\/\/www.kreiszeitung.de\/lokales\/bremen\/&quot;,&quot;storyElementPosition&quot;:8,&quot;storyElementCount&quot;:15}}\" rel=\"nofollow noopener\" target=\"_blank\">Bremen<\/a> und <a href=\"https:\/\/www.kreiszeitung.de\/lokales\/hamburg\/\" class=\"id-import-Link\" title=\"Hamburg\" data-id-ec=\"{&quot;sht&quot;:&quot;Container&quot;,&quot;shn&quot;:&quot;Story&quot;,&quot;p&quot;:{&quot;containerType&quot;:&quot;Paragraph&quot;,&quot;displayType&quot;:&quot;Paragraph InlineLink&quot;,&quot;type&quot;:&quot;INLINE_LINK&quot;,&quot;value&quot;:&quot;Hamburg&quot;,&quot;variant&quot;:&quot;standardLink&quot;,&quot;sponsored&quot;:false,&quot;linkHref&quot;:&quot;https:\/\/www.kreiszeitung.de\/lokales\/hamburg\/&quot;,&quot;storyElementPosition&quot;:8,&quot;storyElementCount&quot;:15}}\" rel=\"nofollow noopener\" target=\"_blank\">Hamburg<\/a> sorgen derzeit zwei schwere Unf\u00e4lle f\u00fcr erhebliche Verkehrsbehinderungen, einer davon endete t\u00f6dlich. Bei <a href=\"https:\/\/www.kreiszeitung.de\/lokales\/rotenburg\/rotenburg-ort120515\/\" class=\"id-import-Link\" title=\"Rotenburg (W&#xFC;mme)\" data-id-ec=\"{&quot;sht&quot;:&quot;Container&quot;,&quot;shn&quot;:&quot;Story&quot;,&quot;p&quot;:{&quot;containerType&quot;:&quot;Paragraph&quot;,&quot;displayType&quot;:&quot;Paragraph InlineLink&quot;,&quot;type&quot;:&quot;INLINE_LINK&quot;,&quot;value&quot;:&quot;Rotenburg&quot;,&quot;variant&quot;:&quot;standardLink&quot;,&quot;sponsored&quot;:false,&quot;linkHref&quot;:&quot;https:\/\/www.kreiszeitung.de\/lokales\/rotenburg\/rotenburg-ort120515\/&quot;,&quot;storyElementPosition&quot;:8,&quot;storyElementCount&quot;:15}}\" rel=\"nofollow noopener\" target=\"_blank\">Rotenburg<\/a> an der W\u00fcmme <a href=\"https:\/\/www.kreiszeitung.de\/lokales\/rotenburg\/toedlicher-unfall-auf-der-autobahn-bei-sottrum-93880653.html\" class=\"id-import-Link\" data-id-ec=\"{&quot;sht&quot;:&quot;Container&quot;,&quot;shn&quot;:&quot;Story&quot;,&quot;p&quot;:{&quot;containerType&quot;:&quot;Paragraph&quot;,&quot;displayType&quot;:&quot;Paragraph InlineLink&quot;,&quot;type&quot;:&quot;INLINE_LINK&quot;,&quot;value&quot;:&quot;nahe der Rastst&#xE4;tte Grundbergsee wurde ein Lastwagenfahrer t&#xF6;dlich verletzt&quot;,&quot;variant&quot;:&quot;standardLink&quot;,&quot;sponsored&quot;:false,&quot;linkHref&quot;:&quot;https:\/\/www.kreiszeitung.de\/lokales\/rotenburg\/toedlicher-unfall-auf-der-autobahn-bei-sottrum-93880653.html&quot;,&quot;storyElementPosition&quot;:8,&quot;storyElementCount&quot;:15}}\" rel=\"nofollow noopener\" target=\"_blank\">nahe der Rastst\u00e4tte Grundbergsee wurde ein Lastwagenfahrer t\u00f6dlich verletzt<\/a>, als er sein liegengebliebenes Fahrzeug begutachtete und dabei von einem anderen LKW erfasst wurde, wie die Polizei mitteilte.<\/p>\n<p class=\"id-StoryElement-paragraph\">Der Verkehr in Richtung Bremen staut sich nach Angaben der Verkehrsmanagementzentrale auf einer L\u00e4nge von etwa vier Kilometern. Die Fahrbahn zwischen den Anschlussstellen Stuckenborstel und Posthausen wurde auf einen Fahrstreifen verengt. Autofahrer m\u00fcssen mit Verz\u00f6gerungen von rund 45 Minuten rechnen. Wann dieser Streckenabschnitt wieder vollst\u00e4ndig freigegeben wird, bleibt vorerst unklar.<\/p>\n<p>LKW-Fahrer bei Rotenburg t\u00f6dlich verungl\u00fcckt \u2013 A1-Unf\u00e4lle sorgen f\u00fcr Verkehrschaos<\/p>\n<p class=\"id-StoryElement-paragraph\">In der Gegenrichtung nach Hamburg ereignete sich ein weiterer Unfall. Laut Autobahngesellschaft verungl\u00fcckte ein Lastwagen unter einer Br\u00fccke nahe Buchholz in der Nordheide. Die Folge ist ein rund sechs Kilometer langer R\u00fcckstau zwischen den Anschlussstellen Hollenstedt und Rade. Die Verz\u00f6gerungen betragen dort etwa eine Stunde.<\/p>\n<p class=\"id-StoryElement-paragraph\">F\u00fcr Verkehrsteilnehmer in Richtung Hamburg besteht die M\u00f6glichkeit, bei Rade \u00fcber die Spur der Autobahnabfahrt an der Unfallstelle vorbeizufahren. Auch hier konnte die Autobahngesellschaft zun\u00e4chst keine Angaben machen, wie lange die Bergungsarbeiten andauern werden. Zu den genauen Umst\u00e4nden des zweiten Unfalls liegen derzeit keine weiteren Informationen vor. Zudem erschweren die <a href=\"https:\/\/www.kreiszeitung.de\/lokales\/niedersachsen\/norden-verkehrschaos-auf-allen-hauptrouten-urlauber-ansturm-im-93875211.html\" class=\"id-import-Link\" data-id-ec=\"{&quot;sht&quot;:&quot;Container&quot;,&quot;shn&quot;:&quot;Story&quot;,&quot;p&quot;:{&quot;containerType&quot;:&quot;Paragraph&quot;,&quot;displayType&quot;:&quot;Paragraph InlineLink&quot;,&quot;type&quot;:&quot;INLINE_LINK&quot;,&quot;value&quot;:&quot;Sommerferien in verschiedensten Bundesl&#xE4;ndern sowie der R&#xFC;ckreiseverkehr aktuell das Vorankommen auf den Autobahnen im Norden&quot;,&quot;variant&quot;:&quot;standardLink&quot;,&quot;sponsored&quot;:false,&quot;linkHref&quot;:&quot;https:\/\/www.kreiszeitung.de\/lokales\/niedersachsen\/norden-verkehrschaos-auf-allen-hauptrouten-urlauber-ansturm-im-93875211.html&quot;,&quot;storyElementPosition&quot;:15,&quot;storyElementCount&quot;:15}}\" rel=\"nofollow noopener\" target=\"_blank\">Sommerferien in verschiedensten Bundesl\u00e4ndern sowie der R\u00fcckreiseverkehr aktuell das Vorankommen auf den Autobahnen im Norden<\/a>, insbesondere auf der A1 und A7.<\/p>\n","protected":false},"excerpt":{"rendered":"Startseite Lokales Niedersachsen Stand: 13.08.2025, 11:37 Uhr Von: Carolin Gehrmann DruckenTeilen Zwei schwere Unf\u00e4lle auf der A1 bei&hellip;\n","protected":false},"author":2,"featured_media":341422,"comment_status":"","ping_status":"","sticky":false,"template":"","format":"standard","meta":{"footnotes":""},"categories":[1824],"tags":[2420,3364,29,30],"class_list":{"0":"post-341421","1":"post","2":"type-post","3":"status-publish","4":"format-standard","5":"has-post-thumbnail","7":"category-bremen","8":"tag-bremen","9":"tag-de","10":"tag-deutschland","11":"tag-germany"},"share_on_mastodon":{"url":"https:\/\/pubeurope.com\/@de\/115021291566870334","error":""},"_links":{"self":[{"href":"https:\/\/www.europesays.com\/de\/wp-json\/wp\/v2\/posts\/341421","targetHints":{"allow":["GET"]}}],"collection":[{"href":"https:\/\/www.europesays.com\/de\/wp-json\/wp\/v2\/posts"}],"about":[{"href":"https:\/\/www.europesays.com\/de\/wp-json\/wp\/v2\/types\/post"}],"author":[{"embeddable":true,"href":"https:\/\/www.europesays.com\/de\/wp-json\/wp\/v2\/users\/2"}],"replies":[{"embeddable":true,"href":"https:\/\/www.europesays.com\/de\/wp-json\/wp\/v2\/comments?post=341421"}],"version-history":[{"count":0,"href":"https:\/\/www.europesays.com\/de\/wp-json\/wp\/v2\/posts\/341421\/revisions"}],"wp:featuredmedia":[{"embeddable":true,"href":"https:\/\/www.europesays.com\/de\/wp-json\/wp\/v2\/media\/341422"}],"wp:attachment":[{"href":"https:\/\/www.europesays.com\/de\/wp-json\/wp\/v2\/media?parent=341421"}],"wp:term":[{"taxonomy":"category","embeddable":true,"href":"https:\/\/www.europesays.com\/de\/wp-json\/wp\/v2\/categories?post=341421"},{"taxonomy":"post_tag","embeddable":true,"href":"https:\/\/www.europesays.com\/de\/wp-json\/wp\/v2\/tags?post=341421"}],"curies":[{"name":"wp","href":"https:\/\/api.w.org\/{rel}","templated":true}]}}