{"id":341425,"date":"2025-08-13T11:47:17","date_gmt":"2025-08-13T11:47:17","guid":{"rendered":"https:\/\/www.europesays.com\/de\/341425\/"},"modified":"2025-08-13T11:47:17","modified_gmt":"2025-08-13T11:47:17","slug":"radio-essen-homestorys-ob-kandidaten-ganz-nah","status":"publish","type":"post","link":"https:\/\/www.europesays.com\/de\/341425\/","title":{"rendered":"Radio Essen-Homestorys: OB-Kandidaten ganz nah"},"content":{"rendered":"<p>Radio Essen-Homestorys: Essens OB-Kandidaten ganz nah<\/p>\n<p>Bei der Kommunalwahl in Essen am 14. September treten acht Kandidatinnen und Kandidaten an, um das h\u00f6chste Amt der Stadt zu gewinnen oder zu verteidigen. Einige von ihnen sind bereits seit Jahren in der Politik aktiv, andere sind noch echte Newcomer. Doch eines haben sie alle gemeinsam: Sie wollen Oberb\u00fcrgermeisterin oder Oberb\u00fcrgermeister von Essen werden.<\/p>\n<p>Im <a href=\"https:\/\/www.radioessen.de\/artikel\/kommunalwahl-2025-in-essen-alle-kandidaten-fuer-ob-wahl-im-grossen-check-2338238.html\" rel=\"noopener noreferrer nofollow\" target=\"_blank\">gro\u00dfen Radio Essen-OB-Check<\/a> konnten wir die Kandidatinnen und Kandidaten schon durch Steckbriefe und sieben ausgew\u00e4hlte Fragen etwas kennenlernen. Trotzdem blieb eine Frage: Wer steckt eigentlich hinter den Namen und Gesichtern auf den Wahlplakaten? Wie klingen die Menschen? Und wie ticken die Kandidierenden privat?<\/p>\n<p>In unseren Radio Essen-Homestorys sind wir diesen Fragen nachgegangen, haben spannende Antworten gefunden und die Menschen hinter der Politik ganz neu kennengelernt.<\/p>\n<p>In unseren Homestorys haben wir alle acht Kandidatinnen und Kandidaten entweder bei ihnen zu Hause oder in ihrem \u201ezweiten Zuhause\u201c getroffen \u2013 also an einem f\u00fcr sie besonders wichtigen Ort. Dort wollten wir sie einmal ganz pers\u00f6nlich kennenlernen. Spoiler: Das hat wirklich gut funktioniert \u2013 und wir wurden \u00fcberall herzlich empfangen.<\/p>\n<p>Gef\u00fchrt wurden die Gespr\u00e4che von unserem <a href=\"https:\/\/www.radioessen.de\/moderator\/joshua-windelschmidt-270468.html\" rel=\"noopener noreferrer nofollow\" target=\"_blank\">Radio Essen-Fr\u00fchschichtmoderator Joshua Windelschmidt<\/a>. Jede Unterhaltung dauert zwischen 23 und 30 Minuten. Die Fragen reichten von Allt\u00e4glichem wie \u201eWer macht eigentlich den Haushalt?\u201c oder \u201eWo geht\u2019s am liebsten in den Urlaub?\u201c bis hin zu Fragen wie \u201eWas bedeutet Ihnen die Stadt Essen?\u201c oder &#8222;Warum wollen Sie Oberb\u00fcrgermeister werden?&#8220;.<\/p>\n<p>Manche Fragen waren bei allen gleich, andere ergaben sich spontan aus der Situation \u2013 je nachdem, wo wir uns getroffen haben und wie sich das Gespr\u00e4ch entwickelt hat. Da jeder Kandidat und jede Kandidatin eine ganz eigene Pers\u00f6nlichkeit mitbringt, sind am Ende acht sehr unterschiedliche, sympathische und vor allem spannende Gespr\u00e4che entstanden.<\/p>\n<p>Alle Homestorys werden au\u00dferdem in kurzen Reels auf unseren Social-Media-Kan\u00e4len geteilt. Diese werden nach und nach ab dem 13. August ver\u00f6ffentlicht.<\/p>\n<p>Hinweis der Redaktion: Die Reihenfolge der Auflistung der Kandidierenden richtet sich nach den Ergebnissen der letzten Oberb\u00fcrgermeisterwahl in Essen.<\/p>\n<p>Radio Essen-Homestory mit Thomas Kufen (CDU)Homestory Thomas Kufen (CDU)<\/p>\n<p>F\u00fcr unsere Homestory haben wir uns mit dem amtierenden Oberb\u00fcrgermeister Thomas Kufen von der CDU mitten in der Essener Innenstadt getroffen \u2013 genauer gesagt im Kreuzgang des Essener Doms. Ein besonderer Ort f\u00fcr ihn: Hierher kommt er gerne, um einfach mal den Kopf freizubekommen und die Gedanken schweifen zu lassen, wenn es der Terminkalender erlaubt.<\/p>\n<p>Im Gespr\u00e4ch gibt Thomas Kufen ganz pers\u00f6nliche Einblicke: wie er als gelernter B\u00fcrokaufmann den Weg in die Politik gefunden hat, warum er am liebsten Urlaub in den Bergen macht, wie bei ihm zuhause der Haushalt geregelt ist, ob er ein musikalisches Talent hat, wie und warum er sogar bei einem Nutellaglas auf die M\u00fclltrennung achtet \u2013 und weshalb er zum dritten Mal Oberb\u00fcrgermeister von Essen werden m\u00f6chte.<\/p>\n<p>Radio Essen-Homestory mit Julia Klewin (SPD)Homestory Julia Klewin (SPD)<a href=\"https:\/\/www.radioessen.de\/externalimages\/?source=jpg782\/image00001.jpeg&amp;dt=202508081230400&amp;resize=720x1280\" data-caption=\"\" itemprop=\"contentUrl\" data-size=\"720x1280\" rel=\"nofollow noopener\" target=\"_blank\"><img decoding=\"async\" class=\"responsive-img\" alt=\"\" src=\"https:\/\/www.europesays.com\/de\/wp-content\/uploads\/2025\/04\/slick-placeholder.png\" data-lazy=\"\/\/www.radioessen.de\/externalimages\/?source=jpg782\/image00001.jpeg&amp;crop=0x1173x3213x3213&amp;resize=640x640&amp;dt=202508081230400\" data-size=\"640x640\"\/><\/a><a href=\"https:\/\/www.radioessen.de\/externalimages\/?source=jpg782\/image000023.jpeg&amp;dt=202508081056250&amp;resize=720x1280\" data-caption=\"\" itemprop=\"contentUrl\" data-size=\"720x1280\" rel=\"nofollow noopener\" target=\"_blank\"><img decoding=\"async\" class=\"responsive-img\" alt=\"\" src=\"https:\/\/www.europesays.com\/de\/wp-content\/uploads\/2025\/04\/slick-placeholder.png\" data-lazy=\"\/\/www.radioessen.de\/externalimages\/?source=jpg782\/image000023.jpeg&amp;crop=0x1204x3213x3213&amp;resize=640x640&amp;dt=202508081056250\" data-size=\"640x640\"\/><\/a><\/p>\n<p>F\u00fcr unsere Homestory haben wir uns mit Oberb\u00fcrgermeisterkandidatin Julia Klewin von der SPD im Coffee Pirates in R\u00fcttenscheid getroffen. Ein Ort, den die geb\u00fcrtige Essenerin besonders seit Corona sch\u00e4tzt \u2013 mal, um gem\u00fctlich vor Ort einen Kaffee zu trinken, mal, um sich einen To-Go-Becher zu holen und damit \u00fcber die R\u00fc oder durch die nahegelegenen Parks zu schlendern.<\/p>\n<p>Im Gespr\u00e4ch erz\u00e4hlt sie, wie es ist, als Lehrerin zu arbeiten, bei welcher S\u00fc\u00dfigkeit sie schwach wird, erinnert sich an ihr erstes Karnevalskost\u00fcm, verr\u00e4t ihre Singk\u00fcnste und ob sie gerne in Karaokebars geht, und spricht \u00fcber ihren Sehnsuchtsort New York. Au\u00dferdem erz\u00e4hlt sie von ihren Kochf\u00e4higkeiten, besonders ihrer \u201ePasta alla Jules\u201c, ihren liebsten Freizeitbesch\u00e4ftigungen \u2013 und warum sie Oberb\u00fcrgermeisterin von Essen werden m\u00f6chte.<\/p>\n<p>Radio Essen-Homestory mit Inga Marie Sponheuer (Gr\u00fcnen)<\/p>\n<p>Der Termin f\u00fcr die Homestory mit Oberb\u00fcrgermeisterkandidatin Inga Marie Sponheuer von den Gr\u00fcnen ist am 15. August. Sobald das Gespr\u00e4ch stattgefunden hat, werden ihre Homestory mit Bildern, Text und Audiodatei hier hochgeladen.<\/p>\n<p>Radio Essen-Homestory mit Andreas Lojewski (AfD)Homestory Andreas Lojewski (AfD)<\/p>\n<p>Mit dem Oberb\u00fcrgermeisterkandidaten der AfD, Andreas Lojewski, haben wir uns auf einem Reiterhof in Kupferdreh getroffen \u2013 seiner \u201ezweiten Heimat\u201c, wie er sagt. Hier verbringt er viel Zeit, sattelt sein Pferd \u201ePaulchen\u201c f\u00fcr einen Ausritt und genie\u00dft danach auch mal ein kleines Bierchen.<\/p>\n<p>In unserer Homestory erz\u00e4hlt er von seiner Leidenschaft f\u00fcr Pferde, seinem Weg bis zur Selbstst\u00e4ndigkeit als Diplom-Ingenieur im Maschinenbau, worauf er in seinem Leben stolz ist, warum er fr\u00fcher gerne nach Langeoog gefahren ist und welche Urlaubsorte jetzt ganz oben auf seiner Liste stehen. Au\u00dferdem verr\u00e4t er seinen gr\u00f6\u00dften Traum, warum er gerne mit dem Segelboot \u00fcber den Baldeneysee f\u00e4hrt, warum die Currywurst mit Pommes danach nicht fehlen darf \u2013 und was die Stadt Essen f\u00fcr ihn so besonders macht.<\/p>\n<p>Radio Essen-Homestory mit Liesa Schulz (Die Linken)Homestory Liesa Schulz (Die Linken)<\/p>\n<p>In unserer Homestory mit Liesa Schulz, Oberb\u00fcrgermeisterkandidatin der Linken, haben wir sie mitten im Umzugschaos in ihrem neuen Zuhause in Altenessen besucht \u2013 und sind anschlie\u00dfend gemeinsam in den Kaiser-Wilhelm-Park gegangen. Ein Ort, an dem sie schon als Kind viel Zeit mit einer ihrer Schwestern verbracht hat.<\/p>\n<p>Im Gespr\u00e4ch erz\u00e4hlt Liesa Schulz, wie ihre Kindheit sie gepr\u00e4gt hat und warum sie heute manche Dinge besonders zu sch\u00e4tzen wei\u00df. Sie verr\u00e4t ihr absolutes Lieblingsreiseziel, spricht \u00fcber ihre zahlreichen B\u00fccher und ihre Begeisterung f\u00fcrs Zocken, besonders f\u00fcr das Spiel ANNO, ihre Fu\u00dfballliebe zum FC Schalke 04, mit wem sie am liebsten Zeit verbringt \u2013 und warum sie immer wieder gerne nach Essen zur\u00fcckkehrt.<\/p>\n<p>Radio Essen-Homestory mit Heiko M\u00fcller (FDP)Homestory Heiko M\u00fcller (FDP)<\/p>\n<p>F\u00fcr unsere Homestory mit FDP-Oberb\u00fcrgermeisterkandidat Heiko M\u00fcller haben wir ihn zu Hause auf der Margarethenh\u00f6he besucht. Los ging es gleich mit der Frage: Schuhe an oder aus? \u2013 Denn, wie wir meinen, sagt das schon viel \u00fcber einen Menschen und sein Zuhause aus.<\/p>\n<p>Im Gespr\u00e4ch erz\u00e4hlt Heiko M\u00fcller von seiner Leidenschaft f\u00fcr Bilder, warum er sich selbst augenzwinkernd als \u201eDekoqueen\u201c bezeichnet, und wie er nach seiner Karriere als Polizist noch etwas in der Stadt bewegen m\u00f6chte. Au\u00dferdem spricht er \u00fcber sein signiertes Bild von Udo Lindenberg, seine liebsten Reiseziele, was er an der Stadt Essen liebt, wie er fr\u00fcher mit seinen Eltern aufgeregt zum Einkaufen in die Innenstadt gefahren ist \u2013 und wer bei ihm und seiner Frau eigentlich den Haushalt schmei\u00dft.<\/p>\n<p>Radio Essen-Homestory mit Mike Rohleder (DIE PARTEI)Homestory Mike Rohleder (DIE PARTEI)<\/p>\n<p>F\u00fcr unsere Homestory mit Oberb\u00fcrgermeisterkandidat Mike Rohleder \u2013 besser bekannt als Mike vom Musikduo 257ers \u2013 hatten wir eigentlich einen Studiotermin geplant. Doch ohne Schl\u00fcssel musste spontan umdisponiert werden, und so trafen wir uns kurzerhand im Konferenzraum in Bergerhausen.<\/p>\n<p>Im Gespr\u00e4ch erz\u00e4hlt Mike von seiner Musikkarriere, den H\u00f6hen und Tiefen, die man dabei erlebt, und warum er seiner Heimat Essen \u2013 besonders Kupferdreh \u2013 immer treu geblieben ist. Er spricht dar\u00fcber, wie sich seine Sicht auf bestimmte Dinge durch das Vatersein ver\u00e4ndert hat, warum er sich jetzt politisch engagieren m\u00f6chte, welche kreativen Ideen er daf\u00fcr schon hat, wie er das Rathaus im Falle eines Wahlsiegs umgestalten w\u00fcrde, was dann mit seinem 257ers-Partner Shneezin passieren soll \u2013 und weshalb wir seiner Meinung nach schon heute in einer Art \u201eBenjamin-Bl\u00fcmchen-Stadt\u201c leben.<\/p>\n<p>Radio Essen-Homestory mit J\u00f6rg K\u00fcpperfahrenberg (EBB)Homestory J\u00f6rg K\u00fcpperfahrenberg (EBB)<\/p>\n<p>F\u00fcr unsere Homestory mit J\u00f6rg K\u00fcpperfahrenberg, dem Oberb\u00fcrgermeisterkandidaten des Essener B\u00fcrger B\u00fcndnisses (EBB), haben wir ihn in seiner Anwaltskanzlei in R\u00fcttenscheid besucht.<\/p>\n<p>Im Gespr\u00e4ch erz\u00e4hlt er, wie er \u00fcberhaupt zur Politik gekommen ist, was seine Frau von seiner Kandidatur \u2013 und vor allem von den tausenden Wahlplakaten \u2013 h\u00e4lt, und warum das Jura-Studium f\u00fcr ihn ein \u201eTriathlon f\u00fcr den Kopf\u201c war. Au\u00dferdem verr\u00e4t er, wo und warum er im Ruhrgebiet gerne fotografiert, wie seine etwas verirrte Leidenschaft f\u00fcr den FC Schalke 04 entstanden ist, dass sein jetziger Job als Anwalt und der des Oberb\u00fcrgermeisters mehr Gemeinsamkeiten haben, als man denkt, und weshalb er stolz auf seine selbstgemachte Bolognese ist.<\/p>\n<p>Mehr rund um die Kommunalwahl in Essen<img loading=\"lazy\" decoding=\"async\" src=\"https:\/\/www.europesays.com\/de\/wp-content\/uploads\/2025\/08\/384956f6befe41a881f539a1b09a5150.gif\" width=\"1\" height=\"1\" alt=\"\"\/><\/p>\n","protected":false},"excerpt":{"rendered":"Radio Essen-Homestorys: Essens OB-Kandidaten ganz nah Bei der Kommunalwahl in Essen am 14. September treten acht Kandidatinnen und&hellip;\n","protected":false},"author":2,"featured_media":341426,"comment_status":"","ping_status":"","sticky":false,"template":"","format":"standard","meta":{"footnotes":""},"categories":[1834],"tags":[95674,3275,186,31,3364,29,536,16245,3688,187,30,2404,1854,10917,1209,5566,184,2534,4672],"class_list":{"0":"post-341425","1":"post","2":"type-post","3":"status-publish","4":"format-standard","5":"has-post-thumbnail","7":"category-essen","8":"tag-ebb","9":"tag-lokalnachrichten","10":"tag-afd","11":"tag-cdu","12":"tag-de","13":"tag-deutschland","14":"tag-die-linke","15":"tag-die-partei","16":"tag-essen","17":"tag-fdp","18":"tag-germany","19":"tag-grne","20":"tag-homestory","21":"tag-kommunalwahl","22":"tag-nordrhein-westfalen","23":"tag-parteien","24":"tag-spd","25":"tag-wahl","26":"tag-wahlen"},"share_on_mastodon":{"url":"https:\/\/pubeurope.com\/@de\/115021299710087784","error":""},"_links":{"self":[{"href":"https:\/\/www.europesays.com\/de\/wp-json\/wp\/v2\/posts\/341425","targetHints":{"allow":["GET"]}}],"collection":[{"href":"https:\/\/www.europesays.com\/de\/wp-json\/wp\/v2\/posts"}],"about":[{"href":"https:\/\/www.europesays.com\/de\/wp-json\/wp\/v2\/types\/post"}],"author":[{"embeddable":true,"href":"https:\/\/www.europesays.com\/de\/wp-json\/wp\/v2\/users\/2"}],"replies":[{"embeddable":true,"href":"https:\/\/www.europesays.com\/de\/wp-json\/wp\/v2\/comments?post=341425"}],"version-history":[{"count":0,"href":"https:\/\/www.europesays.com\/de\/wp-json\/wp\/v2\/posts\/341425\/revisions"}],"wp:featuredmedia":[{"embeddable":true,"href":"https:\/\/www.europesays.com\/de\/wp-json\/wp\/v2\/media\/341426"}],"wp:attachment":[{"href":"https:\/\/www.europesays.com\/de\/wp-json\/wp\/v2\/media?parent=341425"}],"wp:term":[{"taxonomy":"category","embeddable":true,"href":"https:\/\/www.europesays.com\/de\/wp-json\/wp\/v2\/categories?post=341425"},{"taxonomy":"post_tag","embeddable":true,"href":"https:\/\/www.europesays.com\/de\/wp-json\/wp\/v2\/tags?post=341425"}],"curies":[{"name":"wp","href":"https:\/\/api.w.org\/{rel}","templated":true}]}}