{"id":341457,"date":"2025-08-13T12:03:14","date_gmt":"2025-08-13T12:03:14","guid":{"rendered":"https:\/\/www.europesays.com\/de\/341457\/"},"modified":"2025-08-13T12:03:14","modified_gmt":"2025-08-13T12:03:14","slug":"mirell-singt-im-urlaub-an-der-promenade","status":"publish","type":"post","link":"https:\/\/www.europesays.com\/de\/341457\/","title":{"rendered":"Mirell singt im Urlaub an der Promenade"},"content":{"rendered":"<p _ngcontent-sc113=\"\"> 13. August 2025 \u2013 Chiara-Lee Haartje <\/p>\n<p _ngcontent-sc113=\"\">Egal ob im Urlaub oder vor Ort in Hamburg: Die Challenge wird ehrenhaft angenommen! Unsere TOP 3 Kandidatin des Radio Hamburg NEXT MEGA-STAR ist zwar im Urlaub, aber auch da muss die Challenge gemacht werden!<\/p>\n<p _ngcontent-sc85=\"\" align=\"false\">Wer singt denn nicht gerne in aller \u00d6ffentlichkeit am Strand\/Restaurant oder in einem Hotel? Aktuell genie\u00dft Mirell ihren Urlaub in Malaga und tankt ordentlich Sonne! Wir haben uns also eine passende Herausforderung ausgedacht: Mirell muss in der \u00d6ffentlichkeit ein Liedsingen. Nat\u00fcrlich nicht dort, wo es keiner sieht, sondern an einem ort mit vielen Besuchern: Ein Restaurant Beispielsweise! Die Challenge hat sie dankend angenommen und direkt umgewandelt! H\u00f6rt es euch an: <\/p>\n<p><img decoding=\"async\" _ngcontent-sc96=\"\" src=\"https:\/\/www.europesays.com\/de\/wp-content\/uploads\/2025\/04\/playbutton.webp.webp\" alt=\"Playbutton f\u00fcr Audioelemente, Playbutton\" title=\"Playbutton f\u00fcr Audioelemente, Playbutton\"\/><\/p>\n<p>13.08.2025<\/p>\n<p>H\u00f6rt jetzt rein: Mirell singt an der Promenade<\/p>\n<p _ngcontent-sc85=\"\" align=\"false\">Wer keine News \u00fcber Stars for Free 2025 verpassen will, sollte regelm\u00e4\u00dfig bei uns in der <a _ngcontent-sc133=\"\" href=\"https:\/\/www.radiohamburg.de\/programm\/frequenzen\/Streamen-%C3%BCber-die-App-id388032.html\" target=\"_blank\" rel=\"noopener\">kostenlosen App<\/a> oder auf der Homepage vorbeischauen und unserem <a _ngcontent-sc133=\"\" target=\"_blank\" href=\"https:\/\/www.instagram.com\/radiohamburg\/?hl=de\" rel=\"noopener\">Instagram-<\/a>, <a _ngcontent-sc133=\"\" target=\"_blank\" href=\"https:\/\/www.tiktok.com\/@radiohamburg\" rel=\"noopener\">TikTok-<\/a> und <a _ngcontent-sc133=\"\" target=\"_blank\" href=\"https:\/\/www.facebook.com\/RadioHamburg\/\" rel=\"noopener\">Facebook-Kanal<\/a> folgen. Auch ganz wichtig: Radio Hamburg einschalten! Denn da gibt&#8217;s schon ganz bald alle wichtigen Infos von uns zu h\u00f6ren!<\/p>\n<p><script async src=\"\/\/www.instagram.com\/embed.js\"><\/script><script async src=\"\/\/www.tiktok.com\/embed.js\"><\/script><\/p>\n","protected":false},"excerpt":{"rendered":"13. August 2025 \u2013 Chiara-Lee Haartje Egal ob im Urlaub oder vor Ort in Hamburg: Die Challenge wird&hellip;\n","protected":false},"author":2,"featured_media":341458,"comment_status":"","ping_status":"","sticky":false,"template":"","format":"standard","meta":{"footnotes":""},"categories":[1826],"tags":[29,95677,30,692,60033,90691,95680,95681,44591,34319,95675,95678,95679,38176,88966,43836,95676,631],"class_list":{"0":"post-341457","1":"post","2":"type-post","3":"status-publish","4":"format-standard","5":"has-post-thumbnail","7":"category-hamburg","8":"tag-deutschland","9":"tag-freibad-event-hamburg","10":"tag-germany","11":"tag-hamburg","12":"tag-hamburg-events","13":"tag-hamburg-musikszene","14":"tag-hamburg-sommer","15":"tag-live-auftritt-hamburg","16":"tag-live-musik-hamburg","17":"tag-malaga","18":"tag-mirell","19":"tag-mirell-saengerin","20":"tag-musik-wettbewerb-hamburg","21":"tag-radio-hamburg","22":"tag-radio-hamburgs-next-mega-star","23":"tag-sommer-in-hamburg","24":"tag-sommeraktion-hamburg","25":"tag-urlaub"},"share_on_mastodon":{"url":"https:\/\/pubeurope.com\/@de\/115021362266824595","error":""},"_links":{"self":[{"href":"https:\/\/www.europesays.com\/de\/wp-json\/wp\/v2\/posts\/341457","targetHints":{"allow":["GET"]}}],"collection":[{"href":"https:\/\/www.europesays.com\/de\/wp-json\/wp\/v2\/posts"}],"about":[{"href":"https:\/\/www.europesays.com\/de\/wp-json\/wp\/v2\/types\/post"}],"author":[{"embeddable":true,"href":"https:\/\/www.europesays.com\/de\/wp-json\/wp\/v2\/users\/2"}],"replies":[{"embeddable":true,"href":"https:\/\/www.europesays.com\/de\/wp-json\/wp\/v2\/comments?post=341457"}],"version-history":[{"count":0,"href":"https:\/\/www.europesays.com\/de\/wp-json\/wp\/v2\/posts\/341457\/revisions"}],"wp:featuredmedia":[{"embeddable":true,"href":"https:\/\/www.europesays.com\/de\/wp-json\/wp\/v2\/media\/341458"}],"wp:attachment":[{"href":"https:\/\/www.europesays.com\/de\/wp-json\/wp\/v2\/media?parent=341457"}],"wp:term":[{"taxonomy":"category","embeddable":true,"href":"https:\/\/www.europesays.com\/de\/wp-json\/wp\/v2\/categories?post=341457"},{"taxonomy":"post_tag","embeddable":true,"href":"https:\/\/www.europesays.com\/de\/wp-json\/wp\/v2\/tags?post=341457"}],"curies":[{"name":"wp","href":"https:\/\/api.w.org\/{rel}","templated":true}]}}