{"id":341477,"date":"2025-08-13T12:13:11","date_gmt":"2025-08-13T12:13:11","guid":{"rendered":"https:\/\/www.europesays.com\/de\/341477\/"},"modified":"2025-08-13T12:13:11","modified_gmt":"2025-08-13T12:13:11","slug":"sonderaktion-buecher-kiloweise-im-antiquariat-neustrelitz","status":"publish","type":"post","link":"https:\/\/www.europesays.com\/de\/341477\/","title":{"rendered":"Sonderaktion &#8222;B\u00fccher kiloweise&#8220; im Antiquariat Neustrelitz"},"content":{"rendered":"<p class=\"paragraph tw-mx-auto tw-mb-6\">Im Antiquariat passiert zur Zeit genau das, was in vielen anderen \u00e4hnlichen Einrichtungen hin und wieder passiert &#8211; das Lager platzt aus allen N\u00e4hten. Im Laufe der Zeit haben sich mehr B\u00fccher angesammelt als verkauft werden konnten. Deshalb haben Besucher am Sonntag, dem 23. August von 12 bis 18 Uhr die M\u00f6glichkeit, \u201eB\u00fccher kiloweise\u201c, so der Name der Aktion, mit nach Hause zu nehmen und zwar zum kleinen Preis.<\/p>\n<p>Aktion wird im Herbst fortgesetzt<\/p>\n<p class=\"paragraph tw-mx-auto tw-mb-6\">Einen Kilo B\u00fccher gibt es f\u00fcr genau einen Euro. Wer dann zum Beispiel B\u00fccher mit einem Gesamtgewicht von 1,60 Kilo kaufe, zahle entsprechend 1,60 Euro, so der Verein Freunde des Buches, der f\u00fcr das Antiquariat verantwortlich ist. Im Herbst solle es auch weitergehen. Am 20. September und 11 Oktober werde die Aktion jeweils von 14 bis 18 Uhr fortgesetzt. Ausgenommen von der Aktion seien hochwertige Sammlerst\u00fccke. Die Aktion sei auf B\u00fccher mit einem maximalen Einzelpreis von f\u00fcnf Euro begrenzt, hei\u00dft es.<\/p>\n","protected":false},"excerpt":{"rendered":"Im Antiquariat passiert zur Zeit genau das, was in vielen anderen \u00e4hnlichen Einrichtungen hin und wieder passiert &#8211;&hellip;\n","protected":false},"author":2,"featured_media":341478,"comment_status":"","ping_status":"","sticky":false,"template":"","format":"standard","meta":{"footnotes":""},"categories":[1774],"tags":[95684,95686,1784,1785,95685,29,214,95687,30,12764,215],"class_list":{"0":"post-341477","1":"post","2":"type-post","3":"status-publish","4":"format-standard","5":"has-post-thumbnail","7":"category-buecher","8":"tag-antiquariat","9":"tag-antiquierte-buecher","10":"tag-books","11":"tag-buecher","12":"tag-buecher-kiloweise","13":"tag-deutschland","14":"tag-entertainment","15":"tag-freunde-des-buches-e-v","16":"tag-germany","17":"tag-neustrelitz","18":"tag-unterhaltung"},"share_on_mastodon":{"url":"https:\/\/pubeurope.com\/@de\/115021401545339807","error":""},"_links":{"self":[{"href":"https:\/\/www.europesays.com\/de\/wp-json\/wp\/v2\/posts\/341477","targetHints":{"allow":["GET"]}}],"collection":[{"href":"https:\/\/www.europesays.com\/de\/wp-json\/wp\/v2\/posts"}],"about":[{"href":"https:\/\/www.europesays.com\/de\/wp-json\/wp\/v2\/types\/post"}],"author":[{"embeddable":true,"href":"https:\/\/www.europesays.com\/de\/wp-json\/wp\/v2\/users\/2"}],"replies":[{"embeddable":true,"href":"https:\/\/www.europesays.com\/de\/wp-json\/wp\/v2\/comments?post=341477"}],"version-history":[{"count":0,"href":"https:\/\/www.europesays.com\/de\/wp-json\/wp\/v2\/posts\/341477\/revisions"}],"wp:featuredmedia":[{"embeddable":true,"href":"https:\/\/www.europesays.com\/de\/wp-json\/wp\/v2\/media\/341478"}],"wp:attachment":[{"href":"https:\/\/www.europesays.com\/de\/wp-json\/wp\/v2\/media?parent=341477"}],"wp:term":[{"taxonomy":"category","embeddable":true,"href":"https:\/\/www.europesays.com\/de\/wp-json\/wp\/v2\/categories?post=341477"},{"taxonomy":"post_tag","embeddable":true,"href":"https:\/\/www.europesays.com\/de\/wp-json\/wp\/v2\/tags?post=341477"}],"curies":[{"name":"wp","href":"https:\/\/api.w.org\/{rel}","templated":true}]}}