{"id":341514,"date":"2025-08-13T12:33:15","date_gmt":"2025-08-13T12:33:15","guid":{"rendered":"https:\/\/www.europesays.com\/de\/341514\/"},"modified":"2025-08-13T12:33:15","modified_gmt":"2025-08-13T12:33:15","slug":"40-000-quadratmeter-feld-brennen-in-augsburg-goeggingen-erhebliche-wassermengen-noetig","status":"publish","type":"post","link":"https:\/\/www.europesays.com\/de\/341514\/","title":{"rendered":"40.000 Quadratmeter Feld brennen in Augsburg-G\u00f6ggingen \u2013 \u201eErhebliche Wassermengen\u201c n\u00f6tig"},"content":{"rendered":"<p><strong>Eine Ballenpresse und vier Hektar Feld sind am Dienstagnachmittag in Augsburg-G\u00f6ggingen in Brand geraten. Wie die Augsburger Berufsfeuerwehr berichtet, sei die brennende Ballenpresse in der Lindauer Stra\u00dfe gegen 15 Uhr mitgeteilt worden. Laut Feuerwehr griff der Brand rasch auf ein Stoppelfeld \u00fcber.<\/strong><\/p>\n<p>Rund 40.000 Quadratmeter Feld gerieten in Brand. Von der Integrierten Leitstelle Augsburg seien Kr\u00e4fte der Berufsfeuerwehr sowie die Freiwilligen Feuerwehren aus G\u00f6ggingen und Inningen alarmiert worden. Zudem habe ein Landwirt schnell reagiert und mit einem Pflug eine Brandschneise gezogen, \u201ewomit er eine weitere Ausbreitung im Erstschlag verhinderte\u201c, so die Berufsfeuerwehr.<\/p>\n<p>    Landwirte unterst\u00fctzen die Einsatzkr\u00e4fte<\/p>\n<p>Die Feuerwehrkr\u00e4fte bek\u00e4mpften den Brand mit zwei Hohlstrahlrohren und einem Wasserwerfer. Ein weiterer Landwirt unterst\u00fctzte die Einsatzkr\u00e4fte mit einem 16.000-Liter-Wasserfass. Der Einsatz habe \u201eerhebliche Wassermengen\u201c erfordert, betont die Feuerwehr. <\/p>\n<p>Nachdem die Flammen gel\u00f6scht waren, kam die Drohne der Freiwilligen Feuerwehr Lechhausen zum Einsatz, um versteckte Glutnester aufzusp\u00fcren. Insgesamt waren zw\u00f6lf Fahrzeuge und rund 50 Feuerwehrleute vor Ort. Zur Brandursache liegen noch keine Erkenntnisse vor. Der Feuerwehr zufolge wurde niemand verletzt.<\/p>\n<p style=\"text-align:right;\">AZ<\/p>\n","protected":false},"excerpt":{"rendered":"Eine Ballenpresse und vier Hektar Feld sind am Dienstagnachmittag in Augsburg-G\u00f6ggingen in Brand geraten. Wie die Augsburger Berufsfeuerwehr&hellip;\n","protected":false},"author":2,"featured_media":341515,"comment_status":"","ping_status":"","sticky":false,"template":"","format":"standard","meta":{"footnotes":""},"categories":[1846],"tags":[680,772,3364,29,548,663,3934,985,30,13,14,15,121,12],"class_list":{"0":"post-341514","1":"post","2":"type-post","3":"status-publish","4":"format-standard","5":"has-post-thumbnail","7":"category-augsburg","8":"tag-augsburg","9":"tag-bayern","10":"tag-de","11":"tag-deutschland","12":"tag-eu","13":"tag-europa","14":"tag-europe","15":"tag-feuerwehr","16":"tag-germany","17":"tag-headlines","18":"tag-nachrichten","19":"tag-news","20":"tag-polizei","21":"tag-schlagzeilen"},"share_on_mastodon":{"url":"https:\/\/pubeurope.com\/@de\/115021480357951994","error":""},"_links":{"self":[{"href":"https:\/\/www.europesays.com\/de\/wp-json\/wp\/v2\/posts\/341514","targetHints":{"allow":["GET"]}}],"collection":[{"href":"https:\/\/www.europesays.com\/de\/wp-json\/wp\/v2\/posts"}],"about":[{"href":"https:\/\/www.europesays.com\/de\/wp-json\/wp\/v2\/types\/post"}],"author":[{"embeddable":true,"href":"https:\/\/www.europesays.com\/de\/wp-json\/wp\/v2\/users\/2"}],"replies":[{"embeddable":true,"href":"https:\/\/www.europesays.com\/de\/wp-json\/wp\/v2\/comments?post=341514"}],"version-history":[{"count":0,"href":"https:\/\/www.europesays.com\/de\/wp-json\/wp\/v2\/posts\/341514\/revisions"}],"wp:featuredmedia":[{"embeddable":true,"href":"https:\/\/www.europesays.com\/de\/wp-json\/wp\/v2\/media\/341515"}],"wp:attachment":[{"href":"https:\/\/www.europesays.com\/de\/wp-json\/wp\/v2\/media?parent=341514"}],"wp:term":[{"taxonomy":"category","embeddable":true,"href":"https:\/\/www.europesays.com\/de\/wp-json\/wp\/v2\/categories?post=341514"},{"taxonomy":"post_tag","embeddable":true,"href":"https:\/\/www.europesays.com\/de\/wp-json\/wp\/v2\/tags?post=341514"}],"curies":[{"name":"wp","href":"https:\/\/api.w.org\/{rel}","templated":true}]}}