{"id":341662,"date":"2025-08-13T13:54:10","date_gmt":"2025-08-13T13:54:10","guid":{"rendered":"https:\/\/www.europesays.com\/de\/341662\/"},"modified":"2025-08-13T13:54:10","modified_gmt":"2025-08-13T13:54:10","slug":"mainz-ludwigshafen-ueber-die-energieberatung-mrn-news-de","status":"publish","type":"post","link":"https:\/\/www.europesays.com\/de\/341662\/","title":{"rendered":"Mainz\/Ludwigshafen \u2013 \u00dcber die Energieberatung \u2013 \/\/\/ MRN-News.de"},"content":{"rendered":"<p><img loading=\"lazy\" decoding=\"async\" src=\"https:\/\/www.europesays.com\/de\/wp-content\/uploads\/2025\/08\/light-bulb-3535435_640.jpg\" alt=\"\" width=\"640\" height=\"427\" class=\"alignnone size-full wp-image-598408\"\/><br \/>Mainz \/ Ludwigshafen \/ Metropolregion Rhein-Neckar(red\/ak) \u2013 Die Energieberatung der Verbraucherzentrale ber\u00e4t Hausbesitzer:innen, Wohnungseigent\u00fcmer:innen und Mieter:innen kompetent und unabh\u00e4ngig bei allen Fragen des Energiesparens \u2013 von der Heizungsanlage, \u00fcber Fenster und W\u00e4rmed\u00e4mmung bis hin zur Nutzung erneuerbarer Energien und zum Stromverbrauch. Ingenieur:innen, Architekt:innen und Physiker:innen stehen in 70<\/p>\n<p>Standorten im Land f\u00fcr kostenlose pers\u00f6nliche Beratungsgespr\u00e4che zur Verf\u00fcgung.<\/p>\n<p>Falls f\u00fcr die Fragestellung sinnvoll, findet die Energieberatung der Verbraucherzentrale gegen eine geringe finanzielle Eigenbeteiligung bei den Ratsuchenden zu Hause statt.<\/p>\n<p>Wer Probleme hat, seine Energierechnungen zu bezahlen oder gar von einer Strom- oder Gassperre betroffen ist, kann sich an die Energiekostenberatung der Verbraucherzentrale wenden. Jurist:innen beraten dar\u00fcber hinaus zu allen rechtlichen Fragen rund um Versorgungsvertr\u00e4ge.<\/p>\n<p>Standorte, Sprechzeiten und weitere Informationen zur Energieberatung der Verbraucherzentrale sind unter www.energieberatung-rlp.de zu finden.<\/p>\n<p>Quelle: Verbraucherzentrale Rheinland-Pfalz e.V. Mainz<\/p>\n","protected":false},"excerpt":{"rendered":"Mainz \/ Ludwigshafen \/ Metropolregion Rhein-Neckar(red\/ak) \u2013 Die Energieberatung der Verbraucherzentrale ber\u00e4t Hausbesitzer:innen, Wohnungseigent\u00fcmer:innen und Mieter:innen kompetent und&hellip;\n","protected":false},"author":2,"featured_media":341663,"comment_status":"","ping_status":"","sticky":false,"template":"","format":"standard","meta":{"footnotes":""},"categories":[1845],"tags":[2252,1634,3364,29,548,663,3934,20372,30,13,259,95719,25476,1427,2096,25488,25489,14,14480,15,24564,16935,5206,28951,2802,1756,12,8460,2185],"class_list":{"0":"post-341662","1":"post","2":"type-post","3":"status-publish","4":"format-standard","5":"has-post-thumbnail","7":"category-mannheim","8":"tag-architekt","9":"tag-baden-wuerttemberg","10":"tag-de","11":"tag-deutschland","12":"tag-eu","13":"tag-europa","14":"tag-europe","15":"tag-fenster","16":"tag-germany","17":"tag-headlines","18":"tag-informationen","19":"tag-jurist","20":"tag-ludwigshafen","21":"tag-mainz","22":"tag-mannheim","23":"tag-metropolregion","24":"tag-metropolregion-rhein-neckar","25":"tag-nachrichten","26":"tag-neckar","27":"tag-news","28":"tag-nutzung","29":"tag-pfalz","30":"tag-rhein","31":"tag-rhein-neckar","32":"tag-rheinland","33":"tag-rheinland-pfalz","34":"tag-schlagzeilen","35":"tag-standorte","36":"tag-strom"},"share_on_mastodon":{"url":"https:\/\/pubeurope.com\/@de\/115021798673298162","error":""},"_links":{"self":[{"href":"https:\/\/www.europesays.com\/de\/wp-json\/wp\/v2\/posts\/341662","targetHints":{"allow":["GET"]}}],"collection":[{"href":"https:\/\/www.europesays.com\/de\/wp-json\/wp\/v2\/posts"}],"about":[{"href":"https:\/\/www.europesays.com\/de\/wp-json\/wp\/v2\/types\/post"}],"author":[{"embeddable":true,"href":"https:\/\/www.europesays.com\/de\/wp-json\/wp\/v2\/users\/2"}],"replies":[{"embeddable":true,"href":"https:\/\/www.europesays.com\/de\/wp-json\/wp\/v2\/comments?post=341662"}],"version-history":[{"count":0,"href":"https:\/\/www.europesays.com\/de\/wp-json\/wp\/v2\/posts\/341662\/revisions"}],"wp:featuredmedia":[{"embeddable":true,"href":"https:\/\/www.europesays.com\/de\/wp-json\/wp\/v2\/media\/341663"}],"wp:attachment":[{"href":"https:\/\/www.europesays.com\/de\/wp-json\/wp\/v2\/media?parent=341662"}],"wp:term":[{"taxonomy":"category","embeddable":true,"href":"https:\/\/www.europesays.com\/de\/wp-json\/wp\/v2\/categories?post=341662"},{"taxonomy":"post_tag","embeddable":true,"href":"https:\/\/www.europesays.com\/de\/wp-json\/wp\/v2\/tags?post=341662"}],"curies":[{"name":"wp","href":"https:\/\/api.w.org\/{rel}","templated":true}]}}