{"id":341714,"date":"2025-08-13T14:21:18","date_gmt":"2025-08-13T14:21:18","guid":{"rendered":"https:\/\/www.europesays.com\/de\/341714\/"},"modified":"2025-08-13T14:21:18","modified_gmt":"2025-08-13T14:21:18","slug":"streit-um-neubau-der-bahnstrecke-zwischen-hamburg-und-hannover","status":"publish","type":"post","link":"https:\/\/www.europesays.com\/de\/341714\/","title":{"rendered":"Streit um Neubau der Bahnstrecke zwischen Hamburg und Hannover"},"content":{"rendered":"<p class=\"font-sans font-medium\">Hannover. Die Bahn schl\u00e4gt vor, eine neue Trasse zwischen Hamburg und Hannover zu errichten. Doch das ist umstritten. Wie geht es weiter? Ein FAQ.<\/p>\n<p class=\"\">Die jahrzehntealte Debatte um die Bahnverbindung zwischen Hamburg und Hannover spitzt sich zu. Die <a href=\"https:\/\/www.braunschweiger-zeitung.de\/wirtschaft\/deutsche-bahn\/\" target=\"_blank\" rel=\"nofollow noopener\">Deutsche Bahn<\/a> schl\u00e4gt eine Neubaustrecke vor. Doch in Niedersachsen ist der Plan umstritten \u2013 zumal es vor zirka zehn Jahren bereits einen Konsens gegen den Neubau gab. Im Bundestag soll es noch dieses Jahr zu einer Entscheidung kommen.<\/p>\n<p>   News-Update<\/p>\n<p class=\"text-body2 mt-2\">Wir halten Sie mit unserem Newsletter \u00fcber die neuesten Entwicklungen auf dem Laufenden.<\/p>\n<p class=\"text-caption text-copy-secondary\">\n          Mit meiner Anmeldung zum Newsletter stimme ich der<br \/>\n          <a href=\"https:\/\/www.braunschweiger-zeitung.de\/229318664\" class=\"text-overline text-copy-accent-negative dark:underline\" rel=\"nofollow noopener\" target=\"_blank\">Werbevereinbarung<\/a><br \/>\n          zu.\n        <\/p>\n<p class=\"\">Doch zun\u00e4chst ist am Sonntag ein Treffen von B\u00fcrgerinitiativen und Politik im Wahlkreis von Lars Klingbeil (SPD) in der L\u00fcneburger Heide geplant. Der Bundesfinanzminister ist den Angaben nach verhindert, die Landesregierung wird Verkehrsminister Grant Hendrik Tonne (SPD) vertreten.<\/p>\n<p class=\"\">Die wichtigsten Fragen und Antworten zum Streit um den Neubau.<\/p>\n<p> Warum will die Deutsche Bahn eine neue Strecke bauen? <\/p>\n<p class=\"\">Die Bahn begr\u00fcndet den Plan mit der <a href=\"https:\/\/www.hamburg-bremen-hannover.de\/files\/page\/0_startseite\/1_slider\/250627_Vorstellung_Vorplanungsergebnisse_%20Hannover_Hamburg_kurz_web_bf.pdf\" target=\"_blank\" rel=\"nofollow noopener\">\u00dcberlastung der bestehenden Strecke<\/a>. \u201eEs sind derzeit 47 Prozent mehr Z\u00fcge auf der Strecke, als diese p\u00fcnktlich zu leisten vermag\u201c, hei\u00dft es auf Anfrage. Die P\u00fcnktlichkeitsquote liege bei 56 Prozent. Das ist schlechter als im Gesamtnetz, wo die Quote 62 Prozent betr\u00e4gt. Au\u00dferdem kalkuliert die Bahn, dass der Personen- und G\u00fcterverkehr zunehmen wird.\u00a0<\/p>\n<p>   Wo soll die neue Trasse zwischen Hamburg und Hannover entlangf\u00fchren? <\/p>\n<p class=\"\">Auf der Karte betrachtet macht die Bestandsstrecke \u2013 die \u00fcber L\u00fcneburg, Uelzen und Celle f\u00fchrt \u2013 einen Knick nach Osten. Die geplante Neubaustrecke soll direkter und eher senkrecht verlaufen, teils entlang der <a href=\"https:\/\/www.braunschweiger-zeitung.de\/niedersachsen\/article401514148\/verkehrsmeldungen-wo-ist-die-a7-in-niedersachsen-gesperrt.html\" data-category-full-path=\"https:\/\/www.braunschweiger-zeitung.de\/niedersachsen\/\" data-paid-status=\"free\" data-article-publish-date=\"1753964460\" rel=\"nofollow noopener\" target=\"_blank\">Autobahn 7<\/a>. Kritiker sagen, der Abstand zur A7 sei gr\u00f6\u00dfer als die Bahn suggeriert. Die angedachte Strecke f\u00fchrt durch den Heidekreis, den Landkreis Celle und die Region Hannover.\u00a0<\/p>\n<p>    <img decoding=\"async\" src=\"https:\/\/www.europesays.com\/de\/wp-content\/uploads\/2025\/08\/409740429_fc_1755094247_v16_9_1200.jpeg\" class=\"block w-full object-cover relative z-10 aspect-[16\/9] \" alt=\"Bahnstrecke Hamburg - Hannover. 1sp, 130 mm online\" title=\"Rot eingezeichnet: die Vorzugsvariante der Deutschen Bahn. Orangefarben eingezeichnet: die bestehende Strecke.\" loading=\"lazy\"\/><\/p>\n<p>\n      Rot eingezeichnet: die Vorzugsvariante der Deutschen Bahn. Orangefarben eingezeichnet: die bestehende Strecke.<br \/>\n      \u00a9 FMN | J\u00fcrgen Runo\n    <\/p>\n<p>    Welche Folgen h\u00e4tte ein Neubau auf die Natur? <\/p>\n<p class=\"\">Umweltsch\u00fctzer vom Nabu in Niedersachsen weisen darauf hin, <a href=\"https:\/\/niedersachsen.nabu.de\/umwelt-und-ressourcen\/verkehr\/30835.html\" target=\"_blank\" rel=\"nofollow noopener\">dass das Projekt Naturlandschaften zerschneide<\/a>. Fl\u00e4chen der Landwirtschaft, Moore und Waldgebiete gingen verloren, was Folgen f\u00fcr den Klimaschutz habe. Zudem bedrohe das Vorhaben Tiere wie den Kiebitz, die Feldlerche und den Kammmolch.\u00a0<\/p>\n<p>   Was bedeutete ein Neubau f\u00fcr Fahrg\u00e4ste? <\/p>\n<p class=\"\">Die Bahn verspricht: Z\u00fcge sollen zuverl\u00e4ssiger verkehren, und die Fahrzeit soll sich verk\u00fcrzen. Eine ICE-Fahrt zwischen Hamburg und Hannover werde 59 statt 79 Minuten dauern. Im Nahverkehr sollen mindestens Soltau im Heidekreis und Bergen im Kreis Celle besser an die Gro\u00dfst\u00e4dte angebunden werden.<\/p>\n<p> Wer ist gegen den Neubau? <\/p>\n<p class=\"\">Niedersachsens Landesregierung ist gegen den Neubau. Sie setzt auf den Ausbau der Bestandsstrecken, f\u00fcr die es 2015 bereits eine Einigung gab. Unterst\u00fctzung bekommt Ministerpr\u00e4sident Olaf Lies (SPD) von Klingbeil, Bundestagsabgeordneten der Region und B\u00fcrgerinitiativen. Auch der Naturschutzbund aus Niedersachsen lehnt den Neubau ab.\u00a0<\/p>\n<p>    <img decoding=\"async\" src=\"https:\/\/www.europesays.com\/de\/wp-content\/uploads\/2025\/08\/409740346_1755093977_v16_9_1200.jpeg\" class=\"block w-full object-cover relative z-10 aspect-[16\/9] \" alt=\"Protest gegen Neubau\" title=\"Ramelsloh im Januar 2023: Ein Protest-Kreuz steht auf einem Feld nahe der geplanten Neubaustrecke und einer bestehenden Trasse.\" loading=\"lazy\"\/><\/p>\n<p>\n      Ramelsloh im Januar 2023: Ein Protest-Kreuz steht auf einem Feld nahe der geplanten Neubaustrecke und einer bestehenden Trasse.<br \/>\n      \u00a9 dpa | Jonas Walzberg\n    <\/p>\n<p>    Wer ist au\u00dfer der Bahn f\u00fcr die Strecke?\u00a0 <\/p>\n<p class=\"\">Der Landkreis L\u00fcneburg, der vom Ausbau der Bestandsstrecken betroffen w\u00e4re, lobt den Neubauplan. Aus Hamburg gibt es Unterst\u00fctzung aus der Wirtschaft, die auf eine bessere Anbindung des Hafens hofft. Zu weiteren Bef\u00fcrwortern geh\u00f6ren der <a href=\"https:\/\/www.pro-bahn.de\/aktuell\/2025\/167.html\" target=\"_blank\" rel=\"nofollow noopener\">Fahrgastverband Pro Bahn<\/a>, der <a href=\"https:\/\/niedersachsen.vcd.org\/themen\/schienenverkehr\/planungsergebnissen-fuer-bahnaus-bzw-neubau-zwischen-hamburg-und-hannover\" target=\"_blank\" rel=\"nofollow noopener\">Verkehrsclub Deutschland<\/a> in Niedersachsen und Klimaaktivisten von Fridays for Future aus Niedersachsen.\u00a0<\/p>\n<p>    <img decoding=\"async\" src=\"https:\/\/www.europesays.com\/de\/wp-content\/uploads\/2025\/08\/409740349_1755094029_v16_9_1200.jpeg\" class=\"block w-full object-cover relative z-10 aspect-[16\/9] \" alt=\"Klimabewegung Fridays for Future\" title=\"L\u00fcneburg im August 2023: Teilnehmerinnen und Teilnehmer eines Protestzugs der Klimabewegung Fridays for Future tragen Pappschilder mit den Aufschriften \u201eLuisa\u201c, \u201eWir brauchen einen\u201c und \u201eNeubau-er\u201c. Die Demonstration durch L\u00fcneburg sollte unter anderem auf die Notwendigkeit der Bahn-Neubaustrecke zwischen Hamburg und Hannover aufmerksam machen.\" loading=\"lazy\"\/><\/p>\n<p>\n      L\u00fcneburg im August 2023: Teilnehmerinnen und Teilnehmer eines Protestzugs der Klimabewegung Fridays for Future tragen Pappschilder mit den Aufschriften \u201eLuisa\u201c, \u201eWir brauchen einen\u201c und \u201eNeubau-er\u201c. Die Demonstration durch L\u00fcneburg sollte unter anderem auf die Notwendigkeit der Bahn-Neubaustrecke zwischen Hamburg und Hannover aufmerksam machen.<br \/>\n      \u00a9 dpa | Georg Wendt\n    <\/p>\n<p>    Was sagt das Bundesverkehrsministerium?\u00a0 <\/p>\n<p class=\"\">Das Bundesverkehrsministerium hat zun\u00e4chst gelobt, dass die Bahn einen Vorschlag vorgelegt hat. Ist das als Zustimmung zu werten? Auf Nachfrage beteuert das Ministerium, es verhalte sich in der Debatte neutral.<\/p>\n<p>   Wer entscheidet \u00fcber den Neubau? <\/p>\n<p class=\"\">Zun\u00e4chst besch\u00e4ftigt sich der Verkehrsausschuss im Bundestag mit dem Plan. Danach soll der Bundestag abstimmen, wobei eine einfache Mehrheit f\u00fcr einen Beschluss gen\u00fcgt. Das Verfahren nennt sich parlamentarische Befassung. Wann der Bundestag entscheidet, ist bislang nicht bekannt.\u00a0<\/p>\n<p> Wann k\u00f6nnte der Bau der Trasse beginnen? <\/p>\n<p class=\"\">Das ist unklar, aber vermutlich werden noch viele Jahre vergehen. Ein genaues Datum nennt die Bahn nicht. Erst nach einem positiven Beschluss im Bundestag solle die bestehende Planung detailliert ausgearbeitet werden. \u201eNach aktuellem Stand wird diese Phase \u00fcber 2030 hinaus andauern\u201c, hei\u00dft es von der Bahn. Den anschlie\u00dfenden Baubeginn k\u00f6nnten Klagen verz\u00f6gern.\u00a0<\/p>\n<p> Wie teuer w\u00e4re der Neubau? <\/p>\n<p class=\"\">Das kann oder will die Bahn bislang nicht sagen. \u201ePrognosen zum Kostenrahmen werden im Zuge der Parlamentarischen Befassung ver\u00f6ffentlicht\u201c, antwortet das Staatsunternehmen.\u00a0<\/p>\n<p> Was passiert mit der Bestandsstrecke? <\/p>\n<p class=\"\">Die Bahn plant, die bestehende Strecke n\u00e4chstes Jahr zu modernisieren. Unter anderem will sie die Bahnstationen in Stelle, Suderburg, Gro\u00dfburgwedel und Langenhagen Mitte 2026 erneuern. 2029 ist dann eine Generalsanierung geplant.\u00a0<\/p>\n<p>   H\u00e4tte ein Neubau Folgen f\u00fcr Bremen? <\/p>\n<p class=\"\">Die Bahn sagt: Ja. Denn weniger G\u00fcterz\u00fcge aus Hamburg w\u00fcrden auf die Strecke zwischen Verden und Hannover verdr\u00e4ngt werden, was die Strecke zwischen Bremen und Hannover entlaste.<\/p>\n<p>    Auch interessant<\/p>\n<p>    <img decoding=\"async\" src=\"https:\/\/www.europesays.com\/de\/wp-content\/uploads\/2025\/08\/409612107_1753624805_v1_1_200.jpeg\" class=\"block w-full object-cover relative z-10 aspect-[1\/1] \" alt=\"Ein Enno-Zug wartet im Bahnhof von Wolfsburg. Die Bauarbeiten auf der Strecke Hamburg-Berlin haben auch starke Auswirkungen auf den Nahverkehr in der Region Braunschweig-Wolfsburg.\" title=\"Ein Enno-Zug wartet im Bahnhof von Wolfsburg. Die Bauarbeiten auf der Strecke Hamburg-Berlin haben auch starke Auswirkungen auf den Nahverkehr in der Region Braunschweig-Wolfsburg.\" loading=\"lazy\"\/><\/p>\n<p rel=\"author\" class=\"text-brand\">dpa<\/p>\n","protected":false},"excerpt":{"rendered":"Hannover. Die Bahn schl\u00e4gt vor, eine neue Trasse zwischen Hamburg und Hannover zu errichten. Doch das ist umstritten.&hellip;\n","protected":false},"author":2,"featured_media":341715,"comment_status":"","ping_status":"","sticky":false,"template":"","format":"standard","meta":{"footnotes":""},"categories":[1836],"tags":[3364,29,30,46,1411],"class_list":{"0":"post-341714","1":"post","2":"type-post","3":"status-publish","4":"format-standard","5":"has-post-thumbnail","7":"category-hannover","8":"tag-de","9":"tag-deutschland","10":"tag-germany","11":"tag-hannover","12":"tag-niedersachsen"},"share_on_mastodon":{"url":"https:\/\/pubeurope.com\/@de\/115021905319468333","error":""},"_links":{"self":[{"href":"https:\/\/www.europesays.com\/de\/wp-json\/wp\/v2\/posts\/341714","targetHints":{"allow":["GET"]}}],"collection":[{"href":"https:\/\/www.europesays.com\/de\/wp-json\/wp\/v2\/posts"}],"about":[{"href":"https:\/\/www.europesays.com\/de\/wp-json\/wp\/v2\/types\/post"}],"author":[{"embeddable":true,"href":"https:\/\/www.europesays.com\/de\/wp-json\/wp\/v2\/users\/2"}],"replies":[{"embeddable":true,"href":"https:\/\/www.europesays.com\/de\/wp-json\/wp\/v2\/comments?post=341714"}],"version-history":[{"count":0,"href":"https:\/\/www.europesays.com\/de\/wp-json\/wp\/v2\/posts\/341714\/revisions"}],"wp:featuredmedia":[{"embeddable":true,"href":"https:\/\/www.europesays.com\/de\/wp-json\/wp\/v2\/media\/341715"}],"wp:attachment":[{"href":"https:\/\/www.europesays.com\/de\/wp-json\/wp\/v2\/media?parent=341714"}],"wp:term":[{"taxonomy":"category","embeddable":true,"href":"https:\/\/www.europesays.com\/de\/wp-json\/wp\/v2\/categories?post=341714"},{"taxonomy":"post_tag","embeddable":true,"href":"https:\/\/www.europesays.com\/de\/wp-json\/wp\/v2\/tags?post=341714"}],"curies":[{"name":"wp","href":"https:\/\/api.w.org\/{rel}","templated":true}]}}