{"id":341757,"date":"2025-08-13T14:44:13","date_gmt":"2025-08-13T14:44:13","guid":{"rendered":"https:\/\/www.europesays.com\/de\/341757\/"},"modified":"2025-08-13T14:44:13","modified_gmt":"2025-08-13T14:44:13","slug":"hamburg-nie-zuvor-hatten-wir-so-viel-personal-an-unseren-schulen","status":"publish","type":"post","link":"https:\/\/www.europesays.com\/de\/341757\/","title":{"rendered":"Hamburg: &#8222;Nie zuvor hatten wir so viel Personal an unseren Schulen&#8220;"},"content":{"rendered":"<p>\n            Stand: 13.08.2025 16:25 Uhr<\/p>\n<p class=\"preface\">Das neue Schuljahr steht in Niedersachsen kurz bevor. Kultusministerin Julia Willie Hamburg (Gr\u00fcne) sagte, es habe noch nie so viel Personal an den Schulen gegeben. Trotzdem wird Kritik laut.<\/p>\n<p class=\"\">\nF\u00fcr rund 898.000 Sch\u00fclerinnen und Sch\u00fcler beginnt am Donnerstag an den allgemeinbildenden Schulen in Niedersachsen wieder der Unterricht. Die Zahl der Sch\u00fclerinnen und Sch\u00fcler werde im Vergleich zum Vorjahr voraussichtlich erneut steigen, teilte das Kultusministerium am MIttwoch in Hannover mit. Eine sichere Aussage dar\u00fcber lasse sich allerdings erst Ende August treffen, wenn die Zahlen der j\u00e4hrlichen Schulstatistik erhoben werden.<\/p>\n<p>        <img decoding=\"async\" src=\"https:\/\/www.europesays.com\/de\/wp-content\/uploads\/2025\/08\/sommer2342.webp\" alt=\"Ein junger Mann liegt auf einer Wiese\" title=\"Ein junger Mann liegt auf einer Wiese | fotolia.com, Spektral Design\" class=\"responsive\" loading=\"lazy\"\/><\/p>\n<p>In Niedersachsen starten Sch\u00fclerinnen und Sch\u00fcler am Donnerstag ins neue Schuljahr. Und? Wie waren Eure Sommerferien? <\/p>\n<p>    Land erwartet bis 2034 mehr als eine Million Sch\u00fcler<\/p>\n<p class=\"\">\nRund 82.000 Kinder starten in ihre Schullaufbahn. Das seien rund 900 Erstkl\u00e4sslerinnen und Erstkl\u00e4ssler mehr als im Vorjahr. &#8222;Wir verzeichnen zwar weiterhin sinkende Geburtenzahlen in Deutschland, aber dieser Effekt wirkt sich in unseren Grundschulen erst ab 2028 aus&#8220;, sagte Hamburg. Mit Blick auf alle Schulen werde dieser Effekt sogar erst 2034 sp\u00fcrbar sein. &#8222;Bis dahin wird die Anzahl an Sch\u00fclerinnen und Sch\u00fcler an den allgemeinbildenden Schulen in Niedersachsen insgesamt um bis zu rund zehn Prozent auf dann voraussichtlich mehr als eine Million steigen.&#8220;<\/p>\n<p>    Mehr als 2.000 neu besetzte Stellen seit Jahresbeginn<\/p>\n<p class=\"\">\nAngesichts weiter steigender Sch\u00fclerzahlen w\u00fcrden auch mehr Unterrichtsstunden und folglich mehr Lehrkr\u00e4fte notwendig, sagte die Kultusministerin. Zum Start des ersten Schulhalbjahres an den allgemeinbildenden Schulen habe das Land 1.600 Stellen ausgeschrieben. Davon wurden bislang 1.411 Stellen besetzt. Das entspreche einer Quote von mehr als 88 Prozent. Im Vorjahr habe die Quote bei 83 Prozent gelegen. Seit Jahresbeginn belaufen sich die neu besetzen Stellen auf 2.421. &#8222;Nie zuvor hatten wir so viel Personal an unseren Schulen&#8220;, sagte Hamburg. &#8222;Klar ist aber auch, dass wir weiterhin einen deutlichen Fachkr\u00e4ftemangel haben, der damit noch nicht gebannt ist.&#8220; Die Bildungsgewerkschaft <a href=\"https:\/\/www.ndr.de\/nachrichten\/niedersachsen\/gewerkschaft-vor-schulstart-tausende-lehrer-fehlen,schule-290.html\" title=\"Gewerkschaft warnt zum Schulstart: Tausende Lehrer fehlen\" target=\"_blank\" rel=\"noopener\">GEW<\/a> hatte zum Schulstart gewarnt, dass Tausende Lehrer fehlen.<\/p>\n<p>\n            <strong>Video:<\/strong><br \/>\n            Pressekonferenz: So startet Niedersachsen ins neue Schuljahr (69 Min)\n        <\/p>\n<p>    In l\u00e4ndlichen Regionen hoher Bedarf zum Nachbessern<\/p>\n<p class=\"\">\nNeben der Einstellung neuer Lehrkr\u00e4fte ergreift das Kultusministerium nach eigenen Angaben weitere Ma\u00dfnahmen, um die Unterrichtsversorgung sicherzustellen: Beispielsweise k\u00f6nnen Teilzeitkr\u00e4fte auch kurzfristig ihre Stunden erh\u00f6hen. Au\u00dferdem k\u00f6nnen sich Bewerberinnen und Bewerber zun\u00e4chst befristet an einer Schule anstellen lassen, an der besondere Not herrscht, so m\u00fcssen sie sich nicht gleich langfristig an diese Schule binden. Vor allem in den l\u00e4ndlichen Regionen sieht die Ministerin hohen Bedarf zum Nachbessern &#8211; beispielsweise in den Landkreisen Stade und Cuxhaven.<\/p>\n<p>    CDU: Quereinstieg von Lehrkr\u00e4ften muss erleichtert werden<\/p>\n<p class=\"\">\nKritik kommt von auch der CDU: &#8222;Viele Worte helfen jetzt nicht mehr, es braucht Taten&#8220;, sagte CDU-Fraktionschef Sebastian Lechner mit Blick auf den Lehrermangel. Unter anderem m\u00fcsse die Landesregierung den Quereinstieg von Lehrkr\u00e4ften deutlich erleichtern. Eine &#8222;Quereinstiegs-Offensive&#8220; sei in den letzten drei Jahren politisch nicht gewollt gewesen, vermutete Lechner. &#8222;Mir ist es lieber, meine Kinder bekommen eine Unterrichtsstunde von einem Quereinsteiger erteilt, als gar keine.&#8220;<\/p>\n<p>        <img decoding=\"async\" src=\"https:\/\/www.europesays.com\/de\/wp-content\/uploads\/2025\/08\/schule3472.webp\" alt=\"Eine Lehrerin schreibt eine Mathematikaufgabe auf eine digitale Schultafel.\" title=\"Eine Lehrerin schreibt eine Mathematikaufgabe auf eine digitale Schultafel. | picture alliance\/dpa\/Julian Stratenschulte, Julian Stratenschulte\" class=\"responsive\" loading=\"lazy\"\/><\/p>\n<p>Viele Lehrkr\u00e4fte in Niedersachsen seien zudem am Limit, so die Bildungsgewerkschaft GEW. Wachsende Sch\u00fclerzahlen seien ein Grund.<\/p>\n<p>        <img decoding=\"async\" src=\"https:\/\/www.europesays.com\/de\/wp-content\/uploads\/2025\/08\/lehrer1042.webp\" alt=\"Der 25-j\u00e4hrige Referendar Marten Jan\u00dfen unterrichtet vor einer Schulklasse.\" title=\"Der 25-j\u00e4hrige Referendar Marten Jan\u00dfen unterrichtet vor einer Schulklasse. | NDR, Lotti H\u00f6fer\" class=\"responsive\" loading=\"lazy\"\/><\/p>\n<p>Referendare in Niedersachsen kritisieren zu wenig praktische Erfahrungen im Studium. Eine Reform soll helfen, doch die ist zu teuer.<\/p>\n<p>        <img decoding=\"async\" src=\"https:\/\/www.europesays.com\/de\/wp-content\/uploads\/2025\/08\/schule3472.webp\" alt=\"Eine Lehrerin schreibt eine Mathematikaufgabe auf eine digitale Schultafel.\" title=\"Eine Lehrerin schreibt eine Mathematikaufgabe auf eine digitale Schultafel. | picture alliance\/dpa\/Julian Stratenschulte, Julian Stratenschulte\" class=\"responsive\" loading=\"lazy\"\/><\/p>\n<p>Die Werte h\u00e4tten sich stabilisiert &#8211; trotz gestiegener Sch\u00fclerzahlen, so das Ministerium. Weitere Lehrkr\u00e4fte werden gesucht.<\/p>\n","protected":false},"excerpt":{"rendered":"Stand: 13.08.2025 16:25 Uhr Das neue Schuljahr steht in Niedersachsen kurz bevor. Kultusministerin Julia Willie Hamburg (Gr\u00fcne) sagte,&hellip;\n","protected":false},"author":2,"featured_media":341758,"comment_status":"","ping_status":"","sticky":false,"template":"","format":"standard","meta":{"footnotes":""},"categories":[1826],"tags":[29,27676,30,692,52329,27818,44656,4850,27690,966,95738,41575,74947],"class_list":{"0":"post-341757","1":"post","2":"type-post","3":"status-publish","4":"format-standard","5":"has-post-thumbnail","7":"category-hamburg","8":"tag-deutschland","9":"tag-einschulung","10":"tag-germany","11":"tag-hamburg","12":"tag-julia-willie-hamburg","13":"tag-kultusministerin","14":"tag-kultusministerium","15":"tag-lehrer","16":"tag-schulbeginn","17":"tag-schule","18":"tag-schule-unterricht","19":"tag-schulstart","20":"tag-unterrichtsversorgung"},"share_on_mastodon":{"url":"https:\/\/pubeurope.com\/@de\/115021995420416681","error":""},"_links":{"self":[{"href":"https:\/\/www.europesays.com\/de\/wp-json\/wp\/v2\/posts\/341757","targetHints":{"allow":["GET"]}}],"collection":[{"href":"https:\/\/www.europesays.com\/de\/wp-json\/wp\/v2\/posts"}],"about":[{"href":"https:\/\/www.europesays.com\/de\/wp-json\/wp\/v2\/types\/post"}],"author":[{"embeddable":true,"href":"https:\/\/www.europesays.com\/de\/wp-json\/wp\/v2\/users\/2"}],"replies":[{"embeddable":true,"href":"https:\/\/www.europesays.com\/de\/wp-json\/wp\/v2\/comments?post=341757"}],"version-history":[{"count":0,"href":"https:\/\/www.europesays.com\/de\/wp-json\/wp\/v2\/posts\/341757\/revisions"}],"wp:featuredmedia":[{"embeddable":true,"href":"https:\/\/www.europesays.com\/de\/wp-json\/wp\/v2\/media\/341758"}],"wp:attachment":[{"href":"https:\/\/www.europesays.com\/de\/wp-json\/wp\/v2\/media?parent=341757"}],"wp:term":[{"taxonomy":"category","embeddable":true,"href":"https:\/\/www.europesays.com\/de\/wp-json\/wp\/v2\/categories?post=341757"},{"taxonomy":"post_tag","embeddable":true,"href":"https:\/\/www.europesays.com\/de\/wp-json\/wp\/v2\/tags?post=341757"}],"curies":[{"name":"wp","href":"https:\/\/api.w.org\/{rel}","templated":true}]}}