{"id":341800,"date":"2025-08-13T15:07:10","date_gmt":"2025-08-13T15:07:10","guid":{"rendered":"https:\/\/www.europesays.com\/de\/341800\/"},"modified":"2025-08-13T15:07:10","modified_gmt":"2025-08-13T15:07:10","slug":"restaurant-in-der-legienstrasse-schliesst-fuer-immer","status":"publish","type":"post","link":"https:\/\/www.europesays.com\/de\/341800\/","title":{"rendered":"Restaurant in der Legienstra\u00dfe schlie\u00dft f\u00fcr immer"},"content":{"rendered":"<p class=\"Textstyled__Text-sc-1cqv9mi-0 cLyiiX\">Kiel. Mark Prill hat die H\u00e4lfte seines Lebens dem Restaurant \u201eDer Bauch von Kiel\u201c gewidmet \u2013 doch damit ist bald Schluss. Die etablierte und bew\u00e4hrte Gastst\u00e4tte in der Kieler Legienstra\u00dfe befindet sich im Insolvenzverfahren. Bereits am 30. August 2025 schlie\u00dfen Prill und seine Gesch\u00e4ftspartnerin Petra M\u00fcller das Lokal zum letzten Mal auf und \u2013 wenn alle G\u00e4ste gegangen sind \u2013 endg\u00fcltig ab.<\/p>\n<p>Weiterlesen nach der Anzeige<\/p>\n<p>Weiterlesen nach der Anzeige<\/p>\n<p class=\"Textstyled__Text-sc-1cqv9mi-0 cLyiiX\">Auf knapp drei Jahrzehnte Kieler Gastronomie-Geschichte blickt Mark Prill (59) zur\u00fcck: \u201eDer Bauch von Kiel\u201c \u00f6ffnete 1996 mit ihm und M\u00fcller als Gesch\u00e4ftsf\u00fchrer-Duo. Drei Jahre sp\u00e4ter \u00fcbernahmen beide das Restaurant vom Eigent\u00fcmer und betreiben es seitdem auf eigene Rechnung. \u201eFast h\u00e4tten wir die 30 Jahre vollgemacht\u201c, sagt Mark Prill. Doch die Gastrokrise in Kiel, die Anfang des Jahres bereits <a href=\"https:\/\/www.kn-online.de\/lokales\/kiel\/restaurantsterben-in-kiel-gastro-experten-im-streitgespraech-QJPTXYEQSNB6FDMD2CXEYT7YUM.html\" target=\"_self\" rel=\"nofollow noopener\" title=\"https:\/\/www.kn-online.de\/lokales\/kiel\/restaurantsterben-in-kiel-gastro-experten-im-streitgespraech-QJPTXYEQSNB6FDMD2CXEYT7YUM.html\" data-vars-event-category=\"intext_link\" data-vars-event-action=\"click\" data-vars-event-label=\"https:\/\/www.kn-online.de\/lokales\/kiel\/restaurantsterben-in-kiel-gastro-experten-im-streitgespraech-QJPTXYEQSNB6FDMD2CXEYT7YUM.html\">einen H\u00f6hepunkt erreicht<\/a> hatte, ist offenbar noch nicht vorbei.<\/p>\n<p>Kieler Gastro: Mit Mindestlohn, Mehrwertsteuer und Corona in die Insolvenz<\/p>\n<p class=\"Textstyled__Text-sc-1cqv9mi-0 cLyiiX\">\u201eWir haben im Juli Insolvenz angemeldet, weil wir die Juni-L\u00f6hne nicht zahlen konnten\u201c, berichtet Prill. Ihm zufolge ist \u201e<a href=\"https:\/\/www.kn-online.de\/lokales\/kiel\/warum-der-bauch-von-kiel-das-schweizermesser-der-kieler-gastroszene-ist-27GSLAQNYBHDVPV2Y3MQT3MYRA.html\" target=\"_self\" rel=\"nofollow noopener\" title=\"https:\/\/www.kn-online.de\/lokales\/kiel\/warum-der-bauch-von-kiel-das-schweizermesser-der-kieler-gastroszene-ist-27GSLAQNYBHDVPV2Y3MQT3MYRA.html\" data-vars-event-category=\"intext_link\" data-vars-event-action=\"click\" data-vars-event-label=\"https:\/\/www.kn-online.de\/lokales\/kiel\/warum-der-bauch-von-kiel-das-schweizermesser-der-kieler-gastroszene-ist-27GSLAQNYBHDVPV2Y3MQT3MYRA.html\">Der Bauch von Kiel<\/a>&#8220; aus mehreren Gr\u00fcnden in wirtschaftliche Turbulenzen geraten. Ausgangspunkt war die Corona-Pandemie ab 2020. \u201eVor Corona waren wir schuldenfrei\u201c, so Prill. Der Betrieb habe damals 15.000 Euro Soforthilfe erhalten, musste aber zwei Monate lang schlie\u00dfen.<\/p>\n<p>Weiterlesen nach der Anzeige<\/p>\n<p>Weiterlesen nach der Anzeige<\/p>\n<p class=\"Textstyled__Text-sc-1cqv9mi-0 cLyiiX\">Damit war das Geld innerhalb kurzer Zeit durch Miete, L\u00f6hne und Energiekosten aufgezehrt \u2013 und muss zur\u00fcckgezahlt werden. Als die <a href=\"https:\/\/www.kn-online.de\/themen\/mehrwertsteuer\/\" target=\"_self\" rel=\"nofollow noopener\" title=\"https:\/\/www.kn-online.de\/themen\/mehrwertsteuer\/\" data-vars-event-category=\"intext_link\" data-vars-event-action=\"click\" data-vars-event-label=\"https:\/\/www.kn-online.de\/themen\/mehrwertsteuer\/\">Gastro-Mehrwertsteuer<\/a> im vergangenen Jahr wieder von 7 auf 19 Prozent angehoben wurde, musste auch der \u201eBauch von Kiel\u201c die Preise nach oben anpassen. Die von der schwarz-roten Bundesregierung angek\u00fcndigte R\u00fcckkehr <a href=\"https:\/\/www.kn-online.de\/schleswig-holstein\/senkung-der-mehrwertsteuer-in-restaurants-das-sagen-gastronomen-in-sh-dazu-V3NKGK2P2VGNFNO4VY5KPORHMQ.html\" target=\"_self\" rel=\"nofollow noopener\" title=\"https:\/\/www.kn-online.de\/schleswig-holstein\/senkung-der-mehrwertsteuer-in-restaurants-das-sagen-gastronomen-in-sh-dazu-V3NKGK2P2VGNFNO4VY5KPORHMQ.html\" data-vars-event-category=\"intext_link\" data-vars-event-action=\"click\" data-vars-event-label=\"https:\/\/www.kn-online.de\/schleswig-holstein\/senkung-der-mehrwertsteuer-in-restaurants-das-sagen-gastronomen-in-sh-dazu-V3NKGK2P2VGNFNO4VY5KPORHMQ.html\">auf den geringeren Satz ab 2026<\/a> kommt f\u00fcr die Betreiber nun zu sp\u00e4t.<\/p>\n<p>\u201eDer Bauch von Kiel\u201c schlie\u00dft am 30. August<\/p>\n<p class=\"Textstyled__Text-sc-1cqv9mi-0 cLyiiX\">Ein landespolitischer Beschluss sorgte f\u00fcr das abrupte Ende. \u201eDie Entscheidung, den <a href=\"https:\/\/www.kn-online.de\/schleswig-holstein\/mindestlohn-in-der-gastronomie-in-sh-das-waeren-20-000-euro-mehrkosten-VYKH2J7XNJDSTOIY2GFDXBWMAE.html\" target=\"_self\" rel=\"nofollow noopener\" title=\"https:\/\/www.kn-online.de\/schleswig-holstein\/mindestlohn-in-der-gastronomie-in-sh-das-waeren-20-000-euro-mehrkosten-VYKH2J7XNJDSTOIY2GFDXBWMAE.html\" data-vars-event-category=\"intext_link\" data-vars-event-action=\"click\" data-vars-event-label=\"https:\/\/www.kn-online.de\/schleswig-holstein\/mindestlohn-in-der-gastronomie-in-sh-das-waeren-20-000-euro-mehrkosten-VYKH2J7XNJDSTOIY2GFDXBWMAE.html\">Mindestlohn in der Gastronomie im Mai auf 15 Euro<\/a> anzuheben, hat uns den Rest gegeben\u201c, sagt Mark Prill. Denn auch das durchaus beliebte Restaurant in der Legienstra\u00dfe habe in den vergangenen Jahren einen G\u00e4steschwund festgestellt. <\/p>\n<p class=\"Textstyled__Text-sc-1cqv9mi-0 cLyiiX\">Mark Prill f\u00fchrt das darauf zur\u00fcck, dass die Menschen in <a href=\"https:\/\/www.kn-online.de\/lokales\/kiel\/\" target=\"_self\" rel=\"nofollow noopener\" title=\"https:\/\/www.kn-online.de\/lokales\/kiel\/\" data-vars-event-category=\"intext_link\" data-vars-event-action=\"click\" data-vars-event-label=\"https:\/\/www.kn-online.de\/lokales\/kiel\/\">Kiel<\/a> durch gestiegene Lebenshaltungskosten ihr Geld zunehmend zusammenhalten. \u201eViele k\u00f6nnen es sich nicht mehr leisten, essen zu gehen.\u201c Und die G\u00e4ste, die noch kommen, wollten oft nicht so viel ausgeben \u2013 die Bestellungen fielen knapper aus.<\/p>\n<blockquote><p>Diese Art von Gastronomie hat sich \u00fcberlebt.<\/p><\/blockquote>\n<p class=\"Quotestyled__Author-sc-q277fq-1 hfNZxo\">Mark Prill<\/p>\n<p class=\"Quotestyled__AuthorDescription-sc-q277fq-2 kncpVQ\">Mitinhaber &#8222;Der Bauch von Kiel&#8220;<\/p>\n<p class=\"Textstyled__Text-sc-1cqv9mi-0 cLyiiX\">Immerhin: Fast alle der 13 Besch\u00e4ftigten in K\u00fcche und Service haben laut Prill bereits andere Arbeitsstellen gefunden. Nur wie es f\u00fcr ihn ab September weitergeht, wei\u00df er noch nicht. F\u00fcr das Lokal in dem schmucken Eckhaus gibt es bereits Interessenten, die aber andere Konzepte verfolgen. \u201eDiese Art von Gastronomie \u2013 gute Qualit\u00e4t zu erschwinglichen Preisen \u2013 hat sich \u00fcberlebt\u201c, sagt Mark Prill.<\/p>\n<p>Weiterlesen nach der Anzeige<\/p>\n<p>Weiterlesen nach der Anzeige<\/p>\n<p class=\"Textstyled__Text-sc-1cqv9mi-0 cLyiiX\">Seine Stammg\u00e4ste fragten sich bereits, wo sie k\u00fcnftig zum Essen gehen sollen. \u00c4hnliche Angebote seien rar geworden in der Landeshauptstadt. Tats\u00e4chlich haben etliche Kieler Gastronomen in den vergangenen Monaten aufgegeben \u2013 zum Teil ebenfalls, nachdem die Restaurants \u00fcber viele Jahre gut gelaufen waren. Dazu z\u00e4hlte etwa die Pizzeria San Remo am Dreiecksplatz, die es seit 1977 gegeben hatte. Zuvor schloss bereits das Restaurant L\u00e4ngengrad im Schwedenkai nach rund 14 Jahren.<\/p>\n<p class=\"Textstyled__Text-sc-1cqv9mi-0 cLyiiX\">Zu den Gr\u00fcnden gibt es unter Experten unterschiedliche Meinungen. Die Branche beklagt etwa, dass vor allem politische Entscheidungen den Gastronomen das Leben schwermachen. Es sind aber auch Stimmen lautgeworden, die bei manchen Gastwirten einen mangelnden Ver\u00e4nderungswillen feststellen, obwohl die Nachfrage sich gewandelt habe. Wer moderne Gastro-Konzepte habe, sei in der Krise besser gewappnet.<\/p>\n<p class=\"Editorialstyled__Editorial-sc-5u8rgl-0 cBUuy\">KN<\/p>\n","protected":false},"excerpt":{"rendered":"Kiel. Mark Prill hat die H\u00e4lfte seines Lebens dem Restaurant \u201eDer Bauch von Kiel\u201c gewidmet \u2013 doch damit&hellip;\n","protected":false},"author":2,"featured_media":341801,"comment_status":"","ping_status":"","sticky":false,"template":"","format":"standard","meta":{"footnotes":""},"categories":[1852],"tags":[3364,29,548,663,3934,30,13,4949,14,15,12,1971],"class_list":{"0":"post-341800","1":"post","2":"type-post","3":"status-publish","4":"format-standard","5":"has-post-thumbnail","7":"category-kiel","8":"tag-de","9":"tag-deutschland","10":"tag-eu","11":"tag-europa","12":"tag-europe","13":"tag-germany","14":"tag-headlines","15":"tag-kiel","16":"tag-nachrichten","17":"tag-news","18":"tag-schlagzeilen","19":"tag-schleswig-holstein"},"share_on_mastodon":{"url":"https:\/\/pubeurope.com\/@de\/115022085845112994","error":""},"_links":{"self":[{"href":"https:\/\/www.europesays.com\/de\/wp-json\/wp\/v2\/posts\/341800","targetHints":{"allow":["GET"]}}],"collection":[{"href":"https:\/\/www.europesays.com\/de\/wp-json\/wp\/v2\/posts"}],"about":[{"href":"https:\/\/www.europesays.com\/de\/wp-json\/wp\/v2\/types\/post"}],"author":[{"embeddable":true,"href":"https:\/\/www.europesays.com\/de\/wp-json\/wp\/v2\/users\/2"}],"replies":[{"embeddable":true,"href":"https:\/\/www.europesays.com\/de\/wp-json\/wp\/v2\/comments?post=341800"}],"version-history":[{"count":0,"href":"https:\/\/www.europesays.com\/de\/wp-json\/wp\/v2\/posts\/341800\/revisions"}],"wp:featuredmedia":[{"embeddable":true,"href":"https:\/\/www.europesays.com\/de\/wp-json\/wp\/v2\/media\/341801"}],"wp:attachment":[{"href":"https:\/\/www.europesays.com\/de\/wp-json\/wp\/v2\/media?parent=341800"}],"wp:term":[{"taxonomy":"category","embeddable":true,"href":"https:\/\/www.europesays.com\/de\/wp-json\/wp\/v2\/categories?post=341800"},{"taxonomy":"post_tag","embeddable":true,"href":"https:\/\/www.europesays.com\/de\/wp-json\/wp\/v2\/tags?post=341800"}],"curies":[{"name":"wp","href":"https:\/\/api.w.org\/{rel}","templated":true}]}}