{"id":341988,"date":"2025-08-13T16:45:17","date_gmt":"2025-08-13T16:45:17","guid":{"rendered":"https:\/\/www.europesays.com\/de\/341988\/"},"modified":"2025-08-13T16:45:17","modified_gmt":"2025-08-13T16:45:17","slug":"us-minister-droht-putin-alle-optionen-auf-dem-tisch","status":"publish","type":"post","link":"https:\/\/www.europesays.com\/de\/341988\/","title":{"rendered":"US-Minister droht Putin \u2013 &#8222;Alle Optionen auf dem Tisch&#8220;"},"content":{"rendered":"<p>Newsblog zum Ukraine-Krieg <\/p>\n<p>Trump-Minister droht Putin: &#8222;Alle Optionen auf dem Tisch&#8220;<\/p>\n<p>Aktualisiert am 13.08.2025 &#8211; 18:24 UhrLesedauer: 20 Min.<\/p>\n<p><a href=\"#focus-0\" class=\"transition-colors duration-200 focus-within:text-magenta block text-current relative\" data-sctrack=\"FocusGalleryImage.Reference\"><img fetchpriority=\"high\" data-testid=\"Opener.Image\" style=\"--lqipURL:url('https:\/\/images.t-online.de\/2025\/04\/Su8iWFXCtLUD\/0x37:4000x2250\/fit-in\/150x0\/filters:blur(25)\/scott-bessent-der-us-finanzminister-ist-optimistisch-dass-sich-die-usa-im-zollstreit-mit-suedkorea-einigen-koennen.jpg')\"   loading=\"eager\" src=\"https:\/\/www.europesays.com\/de\/wp-content\/uploads\/2025\/04\/scott-bessent-der-us-finanzminister-ist-optimistisch-dass-sich-die-usa-im-zollstreit-mit-suedkorea-e.jpeg\" alt=\"imago images 0814214642\" title=\"imago images 0814214642\" width=\"4000\" height=\"2250\" class=\"bg-[url:var(--lqipURL)] bg-cover bg-center flex h-full w-full max-w-full\" decoding=\"async\"\/><img style=\"--width:32;--height:32\" loading=\"lazy\" src=\"https:\/\/www.t-online.de\/s\/paper\/_next\/static\/media\/zoom-in.f7dae02f.svg\" alt=\"Vergr\u00f6\u00dfern des Bildes\" title=\"Vergr\u00f6\u00dfern des Bildes\" class=\"block h-[calc(var(--height)_\/_16_*_1rem)] w-[calc(var(--width)_\/_16_*_1rem)] max-w-none absolute bottom-8 right-8 rounded-4 bg-snow p-8\" decoding=\"async\"\/><\/a><\/p>\n<p>Scott Bessent mit Donald Trump: Der US-Finanzminister bringt weitere Sanktionen gegen Russland ins Spiel. (Quelle: Pool\/ABACA\/imago-images-bilder)<\/p>\n<p class=\"font-bold text-18 leading-17\">Trump lobt die europ\u00e4ischen Staatschefs. Sein Finanzminister spricht eine Warnung an Putin aus. Alle Entwicklungen im Newsblog.<\/p>\n<p class=\"text-18 leading-17\">US-Finanzminister Scott Bessent fordert, dass sich Europa Sanktionen gegen L\u00e4nder anschlie\u00dft, die russisches Erd\u00f6l kaufen. Die <a class=\"transition-colors duration-200 cursor-pointer text-inherit no-underline text-salemsfur md:hover:text-magenta md:hover:border-magenta md:focus:text-magenta border-current border-b border-solid break-words\" href=\"https:\/\/www.t-online.de\/themen\/usa\/\" data-sctrack=\"BodyAnchor\" target=\"_blank\" rel=\"noopener\">USA<\/a> verh\u00e4ngten bisher einen zus\u00e4tzlichen Zoll von 25 Prozent auf Importe aus <a class=\"transition-colors duration-200 cursor-pointer text-inherit no-underline text-salemsfur md:hover:text-magenta md:hover:border-magenta md:focus:text-magenta border-current border-b border-solid break-words\" href=\"https:\/\/www.t-online.de\/themen\/indien\/\" data-sctrack=\"BodyAnchor\" target=\"_blank\" rel=\"noopener\">Indien<\/a> als Strafe daf\u00fcr, dass das Land russisches \u00d6l bezieht. &#8222;Die Europ\u00e4er m\u00fcssen bereit sein, diese sekund\u00e4ren Sanktionen mitzutragen&#8220;, sagte er im Sender Bloomberg TV.<\/p>\n<p class=\"text-18 leading-17\">US-Pr\u00e4sident <a class=\"transition-colors duration-200 cursor-pointer text-inherit no-underline text-salemsfur md:hover:text-magenta md:hover:border-magenta md:focus:text-magenta border-current border-b border-solid break-words\" href=\"https:\/\/www.t-online.de\/themen\/donald-trump\/\" data-sctrack=\"BodyAnchor\" target=\"_blank\" rel=\"noopener\">Donald Trump<\/a> werde dem russischen Staatschef <a class=\"transition-colors duration-200 cursor-pointer text-inherit no-underline text-salemsfur md:hover:text-magenta md:hover:border-magenta md:focus:text-magenta border-current border-b border-solid break-words\" href=\"https:\/\/www.t-online.de\/themen\/wladimir-putin\/\" data-sctrack=\"BodyAnchor\" target=\"_blank\" rel=\"noopener\">Wladimir Putin<\/a> bei deren Treffen in Alaska am Freitag sagen, dass &#8222;alle Optionen auf dem Tisch liegen&#8220;, sagte Bessent. &#8222;Sanktionen k\u00f6nnten versch\u00e4rft werden, sie k\u00f6nnten gelockert werden&#8220; \u2013 und zeitlich beschr\u00e4nkt sein oder unbefristet bleiben.<\/p>\n<p class=\"text-18 leading-17\">Bei den Beratungen zwischen Donald Trump und Wladimir Putin sind europ\u00e4ische Vertreter nicht eingeladen. Doch die Staaten haben mehrere Forderungen f\u00fcr die Verhandlungen gestellt. <a class=\"transition-colors duration-200 cursor-pointer text-inherit no-underline text-salemsfur md:hover:text-magenta md:hover:border-magenta md:focus:text-magenta border-current border-b border-solid break-words\" href=\"https:\/\/www.t-online.de\/nachrichten\/deutschland\/aussenpolitik\/id_100866020\/selenskyj-in-berlin-diese-forderungen-stellen-merz-und-europa-an-putin.html\" data-sctrack=\"BodyAnchor\" target=\"_blank\" rel=\"noopener\">Mehr dazu lesen Sie hier.<\/a><\/p>\n<p class=\"text-18 leading-17\">Wie reist eigentlich ein russischer Pr\u00e4sident? Wladimir Putin setzt schon lange auf einen bestimmten Flugzeugtypen. <a class=\"transition-colors duration-200 cursor-pointer text-inherit no-underline text-salemsfur md:hover:text-magenta md:hover:border-magenta md:focus:text-magenta border-current border-b border-solid break-words\" href=\"https:\/\/www.t-online.de\/nachrichten\/ausland\/internationale-politik\/id_100865702\/putin-deshalb-setzt-er-auf-das-alte-sowjet-flugzeug-iljuschin-il-96.html\" data-sctrack=\"BodyAnchor\" target=\"_blank\" rel=\"noopener\">Mehr dazu lesen Sie hier<\/a>.<\/p>\n<p class=\"text-18 leading-17\">Vor den von der <a class=\"transition-colors duration-200 cursor-pointer text-inherit no-underline text-salemsfur md:hover:text-magenta md:hover:border-magenta md:focus:text-magenta border-current border-b border-solid break-words\" href=\"https:\/\/www.t-online.de\/themen\/bundesregierung\/\" data-sctrack=\"BodyAnchor\" target=\"_blank\" rel=\"noopener\">Bundesregierung<\/a> initiierten Ukraine-Gespr\u00e4chen hat US-Pr\u00e4sident Donald Trump die europ\u00e4ischen Staats- und Regierungschefs als &#8222;gro\u00dfartige Menschen&#8220; bezeichnet. &#8222;Werde in K\u00fcrze mit europ\u00e4ischen Staats- und Regierungschefs sprechen&#8220;, schrieb er am Mittwoch in seinem Onlinedienst <a class=\"transition-colors duration-200 cursor-pointer text-inherit no-underline text-salemsfur md:hover:text-magenta md:hover:border-magenta md:focus:text-magenta border-current border-b border-solid break-words\" href=\"https:\/\/www.t-online.de\/themen\/truth-social\/\" data-sctrack=\"BodyAnchor\" target=\"_blank\" rel=\"noopener\">Truth Social<\/a>. &#8222;Sie sind tolle Menschen, die einen Deal wollen.&#8220;<\/p>\n<p class=\"text-18 leading-17\">Trump und US-Vizepr\u00e4sident JD Vance wollen um 15 Uhr mit den europ\u00e4ischen Verb\u00fcndeten und dem ukrainischen Pr\u00e4sidenten <a class=\"transition-colors duration-200 cursor-pointer text-inherit no-underline text-salemsfur md:hover:text-magenta md:hover:border-magenta md:focus:text-magenta border-current border-b border-solid break-words\" href=\"https:\/\/www.t-online.de\/themen\/wolodymyr-selenskyj\/\" data-sctrack=\"BodyAnchor\" target=\"_blank\" rel=\"noopener\">Wolodymyr Selenskyj<\/a> telefonisch \u00fcber den Ukraine-Krieg beraten. Bereits zuvor ist eine Videokonferenz der europ\u00e4ischen Ukraine-Unterst\u00fctzer mit Bundeskanzler <a class=\"transition-colors duration-200 cursor-pointer text-inherit no-underline text-salemsfur md:hover:text-magenta md:hover:border-magenta md:focus:text-magenta border-current border-b border-solid break-words\" href=\"https:\/\/www.t-online.de\/themen\/friedrich-merz\/\" data-sctrack=\"BodyAnchor\" target=\"_blank\" rel=\"noopener\">Friedrich Merz<\/a> (CDU), EU-Kommissionspr\u00e4sidentin <a class=\"transition-colors duration-200 cursor-pointer text-inherit no-underline text-salemsfur md:hover:text-magenta md:hover:border-magenta md:focus:text-magenta border-current border-b border-solid break-words\" href=\"https:\/\/www.t-online.de\/themen\/ursula-von-der-leyen\/\" data-sctrack=\"BodyAnchor\" target=\"_blank\" rel=\"noopener\">Ursula von der Leyen<\/a>, EU-Ratspr\u00e4sident Ant\u00f3nio Costa, Nato-Generalsekret\u00e4r Mark Rutte und Selenskyj geplant.<\/p>\n<p class=\"text-18 leading-17\">Selenskyj ist pers\u00f6nlich im Kanzleramt dabei. Merz will gemeinsam mit ihm am Nachmittag in <a class=\"transition-colors duration-200 cursor-pointer text-inherit no-underline text-salemsfur md:hover:text-magenta md:hover:border-magenta md:focus:text-magenta border-current border-b border-solid break-words\" href=\"https:\/\/www.t-online.de\/region\/berlin\/\" data-sctrack=\"BodyAnchor\" target=\"_blank\" rel=\"noopener\">Berlin<\/a> die Presse informieren. Danach sollte eine Konferenz der &#8222;Koalition der Willigen&#8220; stattfinden, die von Deutschland, <a class=\"transition-colors duration-200 cursor-pointer text-inherit no-underline text-salemsfur md:hover:text-magenta md:hover:border-magenta md:focus:text-magenta border-current border-b border-solid break-words\" href=\"https:\/\/www.t-online.de\/themen\/grossbritannien\/\" data-sctrack=\"BodyAnchor\" target=\"_blank\" rel=\"noopener\">Gro\u00dfbritannien<\/a> und <a class=\"transition-colors duration-200 cursor-pointer text-inherit no-underline text-salemsfur md:hover:text-magenta md:hover:border-magenta md:focus:text-magenta border-current border-b border-solid break-words\" href=\"https:\/\/www.t-online.de\/themen\/frankreich\/\" data-sctrack=\"BodyAnchor\" target=\"_blank\" rel=\"noopener\">Frankreich<\/a> ausgerichtet wird und an der auch von der Leyen teilnehmen sollte.<\/p>\n","protected":false},"excerpt":{"rendered":"Newsblog zum Ukraine-Krieg Trump-Minister droht Putin: &#8222;Alle Optionen auf dem Tisch&#8220; Aktualisiert am 13.08.2025 &#8211; 18:24 UhrLesedauer: 20&hellip;\n","protected":false},"author":2,"featured_media":341989,"comment_status":"","ping_status":"","sticky":false,"template":"","format":"standard","meta":{"footnotes":""},"categories":[4013],"tags":[1217,326,6079,19353,331,332,3115,6025,296,19105,1173,31,365,29,106,3189,548,663,156,775,551,13,699,6379,4543,308,14,1159,15,3129,4043,4044,850,307,9683,9562,12,14575,46306,3111,317,312,1493,64,306,107],"class_list":{"0":"post-341988","1":"post","2":"type-post","3":"status-publish","4":"format-standard","5":"has-post-thumbnail","7":"category-russland","8":"tag-1217","9":"tag-326","10":"tag-6079","11":"tag-afp","12":"tag-aktuelle-nachrichten","13":"tag-aktuelle-news","14":"tag-alaska","15":"tag-antonio-costa","16":"tag-berlin","17":"tag-bloomberg","18":"tag-bundesregierung","19":"tag-cdu","20":"tag-deal","21":"tag-deutschland","22":"tag-donald-trump","23":"tag-estland","24":"tag-eu","25":"tag-europa","26":"tag-frankreich","27":"tag-friedrich-merz","28":"tag-grossbritannien","29":"tag-headlines","30":"tag-indien","31":"tag-institute-for-the-study-of-war","32":"tag-mark-rutte","33":"tag-moskau","34":"tag-nachrichten","35":"tag-nato","36":"tag-news","37":"tag-newsblog","38":"tag-russia","39":"tag-russian-federation","40":"tag-russische-foederation","41":"tag-russland","42":"tag-sahra-wagenknecht","43":"tag-sanktion","44":"tag-schlagzeilen","45":"tag-scott-bessent","46":"tag-tallinn","47":"tag-truth-social","48":"tag-ukraine","49":"tag-ukrainekrieg","50":"tag-ursula-von-der-leyen","51":"tag-usa","52":"tag-wladimir-putin","53":"tag-wolodymyr-selenskyj"},"share_on_mastodon":{"url":"","error":"Validation failed: Text character limit of 500 exceeded"},"_links":{"self":[{"href":"https:\/\/www.europesays.com\/de\/wp-json\/wp\/v2\/posts\/341988","targetHints":{"allow":["GET"]}}],"collection":[{"href":"https:\/\/www.europesays.com\/de\/wp-json\/wp\/v2\/posts"}],"about":[{"href":"https:\/\/www.europesays.com\/de\/wp-json\/wp\/v2\/types\/post"}],"author":[{"embeddable":true,"href":"https:\/\/www.europesays.com\/de\/wp-json\/wp\/v2\/users\/2"}],"replies":[{"embeddable":true,"href":"https:\/\/www.europesays.com\/de\/wp-json\/wp\/v2\/comments?post=341988"}],"version-history":[{"count":0,"href":"https:\/\/www.europesays.com\/de\/wp-json\/wp\/v2\/posts\/341988\/revisions"}],"wp:featuredmedia":[{"embeddable":true,"href":"https:\/\/www.europesays.com\/de\/wp-json\/wp\/v2\/media\/341989"}],"wp:attachment":[{"href":"https:\/\/www.europesays.com\/de\/wp-json\/wp\/v2\/media?parent=341988"}],"wp:term":[{"taxonomy":"category","embeddable":true,"href":"https:\/\/www.europesays.com\/de\/wp-json\/wp\/v2\/categories?post=341988"},{"taxonomy":"post_tag","embeddable":true,"href":"https:\/\/www.europesays.com\/de\/wp-json\/wp\/v2\/tags?post=341988"}],"curies":[{"name":"wp","href":"https:\/\/api.w.org\/{rel}","templated":true}]}}