{"id":342088,"date":"2025-08-13T17:39:14","date_gmt":"2025-08-13T17:39:14","guid":{"rendered":"https:\/\/www.europesays.com\/de\/342088\/"},"modified":"2025-08-13T17:39:14","modified_gmt":"2025-08-13T17:39:14","slug":"michelle-ueber-ihre-grosse-liebe-eric-hat-mein-schloss-gesprengt-unterhaltung","status":"publish","type":"post","link":"https:\/\/www.europesays.com\/de\/342088\/","title":{"rendered":"Michelle \u00fcber ihre gro\u00dfe Liebe: \u201eEric hat mein Schloss gesprengt\u201c | Unterhaltung"},"content":{"rendered":"<p><b>Sie war dreimal verheiratet, doch erst mit Eric Philippi fand Schlagerstar Michelle die Liebe, die sie lange nicht zulassen konnte. <\/b><\/p>\n<p>Im BILD-Podcast \u201eMay Way\u201c spricht sie offen \u00fcber ihre Beziehung, ihre neue Rolle als Oma und warum das Saarland heute ihr Zuhause ist.<\/p>\n<p><b>Lesen Sie nur mit BILDplus, warum Michelle sich fr\u00fcher emotional verschlossen hat, was Eric mit einer einzigen Umarmung in ihr ausl\u00f6ste und wie der Schlagerstar heute \u00fcber Liebe denkt.<\/b><\/p>\n","protected":false},"excerpt":{"rendered":"Sie war dreimal verheiratet, doch erst mit Eric Philippi fand Schlagerstar Michelle die Liebe, die sie lange nicht&hellip;\n","protected":false},"author":2,"featured_media":342089,"comment_status":"","ping_status":"","sticky":false,"template":"","format":"standard","meta":{"footnotes":""},"categories":[155],"tags":[29,214,30,2134,8321,9089,5272,2043,970,45,215],"class_list":{"0":"post-342088","1":"post","2":"type-post","3":"status-publish","4":"format-standard","5":"has-post-thumbnail","7":"category-unterhaltung","8":"tag-deutschland","9":"tag-entertainment","10":"tag-germany","11":"tag-interview","12":"tag-liebe","13":"tag-michelle","14":"tag-partnerschaft","15":"tag-podcast","16":"tag-schlager","17":"tag-texttospeech","18":"tag-unterhaltung"},"share_on_mastodon":{"url":"https:\/\/pubeurope.com\/@de\/115022683480730513","error":""},"_links":{"self":[{"href":"https:\/\/www.europesays.com\/de\/wp-json\/wp\/v2\/posts\/342088","targetHints":{"allow":["GET"]}}],"collection":[{"href":"https:\/\/www.europesays.com\/de\/wp-json\/wp\/v2\/posts"}],"about":[{"href":"https:\/\/www.europesays.com\/de\/wp-json\/wp\/v2\/types\/post"}],"author":[{"embeddable":true,"href":"https:\/\/www.europesays.com\/de\/wp-json\/wp\/v2\/users\/2"}],"replies":[{"embeddable":true,"href":"https:\/\/www.europesays.com\/de\/wp-json\/wp\/v2\/comments?post=342088"}],"version-history":[{"count":0,"href":"https:\/\/www.europesays.com\/de\/wp-json\/wp\/v2\/posts\/342088\/revisions"}],"wp:featuredmedia":[{"embeddable":true,"href":"https:\/\/www.europesays.com\/de\/wp-json\/wp\/v2\/media\/342089"}],"wp:attachment":[{"href":"https:\/\/www.europesays.com\/de\/wp-json\/wp\/v2\/media?parent=342088"}],"wp:term":[{"taxonomy":"category","embeddable":true,"href":"https:\/\/www.europesays.com\/de\/wp-json\/wp\/v2\/categories?post=342088"},{"taxonomy":"post_tag","embeddable":true,"href":"https:\/\/www.europesays.com\/de\/wp-json\/wp\/v2\/tags?post=342088"}],"curies":[{"name":"wp","href":"https:\/\/api.w.org\/{rel}","templated":true}]}}