{"id":342110,"date":"2025-08-13T17:51:09","date_gmt":"2025-08-13T17:51:09","guid":{"rendered":"https:\/\/www.europesays.com\/de\/342110\/"},"modified":"2025-08-13T17:51:09","modified_gmt":"2025-08-13T17:51:09","slug":"chlorgas-in-gelsenkirchener-schwimmbad-ausgetreten","status":"publish","type":"post","link":"https:\/\/www.europesays.com\/de\/342110\/","title":{"rendered":"Chlorgas in Gelsenkirchener Schwimmbad ausgetreten"},"content":{"rendered":"<ul>\n<li><strong>Das Ventil einer Chlorgasflasche war undicht<\/strong><\/li>\n<li><strong>Es bestand keine Gefahr f\u00fcr Anwohner und Badeg\u00e4ste<\/strong><\/li>\n<\/ul>\n<p>Beim Wechsel einer Chlorgasflasche wurde das Ventil undicht. Der Betreiber konnte das Problem nicht selbst l\u00f6sen und rief\u00a0die Feuerwehr. In speziellen Chemikalienschutzanz\u00fcgen dichteten die Einsatzkr\u00e4fte das Ventil ab. W\u00e4hrend des gesamten Einsatzes bestand laut Feuerwehr keine Gefahr f\u00fcr Badeg\u00e4ste oder Anwohner. Der Betrieb im Schwimmbad lief gr\u00f6\u00dftenteils weiter. Nach Messungen ohne Befund wurde die Flasche gesichert und die Einsatzstelle an den Betreiber \u00fcbergeben. Insgesamt waren 25 Kr\u00e4fte der Berufsfeuerwehr aus Altstadt, Buer und He\u00dfler sowie der Freiwilligen Feuerwehr im Einsatz.<\/p>\n","protected":false},"excerpt":{"rendered":"Das Ventil einer Chlorgasflasche war undicht Es bestand keine Gefahr f\u00fcr Anwohner und Badeg\u00e4ste Beim Wechsel einer Chlorgasflasche&hellip;\n","protected":false},"author":2,"featured_media":342111,"comment_status":"","ping_status":"","sticky":false,"template":"","format":"standard","meta":{"footnotes":""},"categories":[1848],"tags":[95791,3364,29,548,663,3934,3401,3658,30,13,14,15,1209,12,14597],"class_list":{"0":"post-342110","1":"post","2":"type-post","3":"status-publish","4":"format-standard","5":"has-post-thumbnail","7":"category-gelsenkirchen","8":"tag-chlorgasaustritt","9":"tag-de","10":"tag-deutschland","11":"tag-eu","12":"tag-europa","13":"tag-europe","14":"tag-feuerwehreinsatz","15":"tag-gelsenkirchen","16":"tag-germany","17":"tag-headlines","18":"tag-nachrichten","19":"tag-news","20":"tag-nordrhein-westfalen","21":"tag-schlagzeilen","22":"tag-schwimmbad"},"share_on_mastodon":{"url":"https:\/\/pubeurope.com\/@de\/115022730624684302","error":""},"_links":{"self":[{"href":"https:\/\/www.europesays.com\/de\/wp-json\/wp\/v2\/posts\/342110","targetHints":{"allow":["GET"]}}],"collection":[{"href":"https:\/\/www.europesays.com\/de\/wp-json\/wp\/v2\/posts"}],"about":[{"href":"https:\/\/www.europesays.com\/de\/wp-json\/wp\/v2\/types\/post"}],"author":[{"embeddable":true,"href":"https:\/\/www.europesays.com\/de\/wp-json\/wp\/v2\/users\/2"}],"replies":[{"embeddable":true,"href":"https:\/\/www.europesays.com\/de\/wp-json\/wp\/v2\/comments?post=342110"}],"version-history":[{"count":0,"href":"https:\/\/www.europesays.com\/de\/wp-json\/wp\/v2\/posts\/342110\/revisions"}],"wp:featuredmedia":[{"embeddable":true,"href":"https:\/\/www.europesays.com\/de\/wp-json\/wp\/v2\/media\/342111"}],"wp:attachment":[{"href":"https:\/\/www.europesays.com\/de\/wp-json\/wp\/v2\/media?parent=342110"}],"wp:term":[{"taxonomy":"category","embeddable":true,"href":"https:\/\/www.europesays.com\/de\/wp-json\/wp\/v2\/categories?post=342110"},{"taxonomy":"post_tag","embeddable":true,"href":"https:\/\/www.europesays.com\/de\/wp-json\/wp\/v2\/tags?post=342110"}],"curies":[{"name":"wp","href":"https:\/\/api.w.org\/{rel}","templated":true}]}}