{"id":342321,"date":"2025-08-13T19:45:11","date_gmt":"2025-08-13T19:45:11","guid":{"rendered":"https:\/\/www.europesays.com\/de\/342321\/"},"modified":"2025-08-13T19:45:11","modified_gmt":"2025-08-13T19:45:11","slug":"fussball-bundesliga-union-berlin-holt-nachwuchs-stuermer-aus-dresden","status":"publish","type":"post","link":"https:\/\/www.europesays.com\/de\/342321\/","title":{"rendered":"Fu\u00dfball-Bundesliga: Union Berlin holt Nachwuchs-St\u00fcrmer aus Dresden"},"content":{"rendered":"<p>Wer schie\u00dft nach dem Abgang von Torj\u00e4ger Benedict Hollerbach k\u00fcnftig die Tore f\u00fcr Union Berlin? Langfristig soll ein junger Angreifer helfen.<\/p>\n<p class=\"typo-body-md typo-body-lg@lg\"><a class=\"taxonomy-entity organization\" data-target-type=\"article\" href=\"https:\/\/www.stern.de\/sport\/fussball\/themen\/1--fc-union-berlin-4151972.html\" rel=\"nofollow noopener\" target=\"_blank\">Union Berlin<\/a> hat einen weiteren St\u00fcrmer verpflichtet. Wie der Fu\u00dfball-Bundesligist mitteilte, kommt der 18 Jahre alte Dmytro Bogdanov von der SG Dynamo Dresden. Der ukrainische Nachwuchs-Nationalspieler soll mit der Profimannschaft trainieren und Spielpraxis in der U19 der Eisernen sammeln, wie es in einer Mitteilung hei\u00dft.<\/p>\n","protected":false},"excerpt":{"rendered":"Wer schie\u00dft nach dem Abgang von Torj\u00e4ger Benedict Hollerbach k\u00fcnftig die Tore f\u00fcr Union Berlin? Langfristig soll ein&hellip;\n","protected":false},"author":2,"featured_media":342322,"comment_status":"","ping_status":"","sticky":false,"template":"","format":"standard","meta":{"footnotes":""},"categories":[1835],"tags":[3364,29,2386,30,859],"class_list":{"0":"post-342321","1":"post","2":"type-post","3":"status-publish","4":"format-standard","5":"has-post-thumbnail","7":"category-dresden","8":"tag-de","9":"tag-deutschland","10":"tag-dresden","11":"tag-germany","12":"tag-sachsen"},"share_on_mastodon":{"url":"https:\/\/pubeurope.com\/@de\/115023178893287160","error":""},"_links":{"self":[{"href":"https:\/\/www.europesays.com\/de\/wp-json\/wp\/v2\/posts\/342321","targetHints":{"allow":["GET"]}}],"collection":[{"href":"https:\/\/www.europesays.com\/de\/wp-json\/wp\/v2\/posts"}],"about":[{"href":"https:\/\/www.europesays.com\/de\/wp-json\/wp\/v2\/types\/post"}],"author":[{"embeddable":true,"href":"https:\/\/www.europesays.com\/de\/wp-json\/wp\/v2\/users\/2"}],"replies":[{"embeddable":true,"href":"https:\/\/www.europesays.com\/de\/wp-json\/wp\/v2\/comments?post=342321"}],"version-history":[{"count":0,"href":"https:\/\/www.europesays.com\/de\/wp-json\/wp\/v2\/posts\/342321\/revisions"}],"wp:featuredmedia":[{"embeddable":true,"href":"https:\/\/www.europesays.com\/de\/wp-json\/wp\/v2\/media\/342322"}],"wp:attachment":[{"href":"https:\/\/www.europesays.com\/de\/wp-json\/wp\/v2\/media?parent=342321"}],"wp:term":[{"taxonomy":"category","embeddable":true,"href":"https:\/\/www.europesays.com\/de\/wp-json\/wp\/v2\/categories?post=342321"},{"taxonomy":"post_tag","embeddable":true,"href":"https:\/\/www.europesays.com\/de\/wp-json\/wp\/v2\/tags?post=342321"}],"curies":[{"name":"wp","href":"https:\/\/api.w.org\/{rel}","templated":true}]}}