{"id":342411,"date":"2025-08-13T20:33:11","date_gmt":"2025-08-13T20:33:11","guid":{"rendered":"https:\/\/www.europesays.com\/de\/342411\/"},"modified":"2025-08-13T20:33:11","modified_gmt":"2025-08-13T20:33:11","slug":"grosseinsatz-auf-dem-rhein-zwischen-mainz-und-wiesbaden","status":"publish","type":"post","link":"https:\/\/www.europesays.com\/de\/342411\/","title":{"rendered":"Gro\u00dfeinsatz auf dem Rhein zwischen Mainz und Wiesbaden"},"content":{"rendered":"<p>Eine vermeintliche Gefahrensituation auf dem Rhein hat am Dienstag einen Gro\u00dfeinsatz bei Mainz und Wiesbaden ausgel\u00f6st. Das meldet das Polizeipr\u00e4sidium Mainz.<\/p>\n<p>Zun\u00e4chst ging bei der Leitstelle die Meldung ein, dass in H\u00f6he der Schiersteiner Br\u00fccke eine Person im Wasser schwimme \u2013 offenbar neben einem f\u00fchrerlosen Sportboot.<\/p>\n<p>Einsatz verlagert sich in den Mombacher Stromarm<\/p>\n<p>Zuerst nahmen die Einsatzkr\u00e4fte an, dass sich der Vorfall im Bereich des Biebricher Stromarms auf hessischer Seite abspielte. Im Laufe des Einsatzes korrigierten sie den Ort jedoch auf den Mombacher Stromarm in Rheinland-Pfalz. Die Wasserschutzpolizei Mainz befand sich zu diesem Zeitpunkt in der N\u00e4he und suchte sofort nach der Person und dem treibenden Sportboot. Zun\u00e4chst blieb die Suche jedoch ohne Ergebnis.<\/p>\n<p>Kurz darauf konnten Polizei und Feuerwehr das Sportboot im Mombacher Stromarm geankert feststellen. An Bord befand sich eine Person, die angab, das Boot absichtlich treiben gelassen zu haben, w\u00e4hrend sie daneben schwamm. Eine Notlage habe zu keiner Zeit vorgelegen.<\/p>\n<p>Durch die anf\u00e4ngliche Meldung kam es zu einem l\u00e4nder\u00fcbergreifenden Einsatz von Feuerwehr und Polizei. Verletzte gab es nicht. Gegen den Bootsf\u00fchrer wird nun ermittelt. <\/p>\n","protected":false},"excerpt":{"rendered":"Eine vermeintliche Gefahrensituation auf dem Rhein hat am Dienstag einen Gro\u00dfeinsatz bei Mainz und Wiesbaden ausgel\u00f6st. Das meldet&hellip;\n","protected":false},"author":2,"featured_media":342412,"comment_status":"","ping_status":"","sticky":false,"template":"","format":"standard","meta":{"footnotes":""},"categories":[1847],"tags":[3364,29,548,663,3934,30,13,2052,14,15,12,4544],"class_list":{"0":"post-342411","1":"post","2":"type-post","3":"status-publish","4":"format-standard","5":"has-post-thumbnail","7":"category-wiesbaden","8":"tag-de","9":"tag-deutschland","10":"tag-eu","11":"tag-europa","12":"tag-europe","13":"tag-germany","14":"tag-headlines","15":"tag-hessen","16":"tag-nachrichten","17":"tag-news","18":"tag-schlagzeilen","19":"tag-wiesbaden"},"share_on_mastodon":{"url":"","error":""},"_links":{"self":[{"href":"https:\/\/www.europesays.com\/de\/wp-json\/wp\/v2\/posts\/342411","targetHints":{"allow":["GET"]}}],"collection":[{"href":"https:\/\/www.europesays.com\/de\/wp-json\/wp\/v2\/posts"}],"about":[{"href":"https:\/\/www.europesays.com\/de\/wp-json\/wp\/v2\/types\/post"}],"author":[{"embeddable":true,"href":"https:\/\/www.europesays.com\/de\/wp-json\/wp\/v2\/users\/2"}],"replies":[{"embeddable":true,"href":"https:\/\/www.europesays.com\/de\/wp-json\/wp\/v2\/comments?post=342411"}],"version-history":[{"count":0,"href":"https:\/\/www.europesays.com\/de\/wp-json\/wp\/v2\/posts\/342411\/revisions"}],"wp:featuredmedia":[{"embeddable":true,"href":"https:\/\/www.europesays.com\/de\/wp-json\/wp\/v2\/media\/342412"}],"wp:attachment":[{"href":"https:\/\/www.europesays.com\/de\/wp-json\/wp\/v2\/media?parent=342411"}],"wp:term":[{"taxonomy":"category","embeddable":true,"href":"https:\/\/www.europesays.com\/de\/wp-json\/wp\/v2\/categories?post=342411"},{"taxonomy":"post_tag","embeddable":true,"href":"https:\/\/www.europesays.com\/de\/wp-json\/wp\/v2\/tags?post=342411"}],"curies":[{"name":"wp","href":"https:\/\/api.w.org\/{rel}","templated":true}]}}