{"id":342461,"date":"2025-08-13T20:59:30","date_gmt":"2025-08-13T20:59:30","guid":{"rendered":"https:\/\/www.europesays.com\/de\/342461\/"},"modified":"2025-08-13T20:59:30","modified_gmt":"2025-08-13T20:59:30","slug":"viel-mikroplastik-auch-im-rhein-bei-duisburg-rheinhausen","status":"publish","type":"post","link":"https:\/\/www.europesays.com\/de\/342461\/","title":{"rendered":"Viel Mikroplastik auch im Rhein bei Duisburg-Rheinhausen"},"content":{"rendered":"<p class=\"small date article__date\">Ver\u00f6ffentlicht:\u00a0Mittwoch, 13.08.2025 14:10<\/p>\n<p>Das Landesumweltamt hat untersucht, wie stark die Belastung durch Mikroplastik im Rhein ist &#8211; teils mit alarmierendem Ergebnis. Messungen gab es dabei auch in Rheinhausen. <\/p>\n<p><img decoding=\"async\" alt=\"\" src=\"https:\/\/www.europesays.com\/de\/wp-content\/uploads\/2025\/08\/uerdinger-bruecke.jpg&#038;crop=0x26x1200x750&#038;resize=1200x750&#038;dt=202407171152310.jpeg\" data-size=\"1200x750\"\/>\u00a9 FUNKE Foto Services<\/p>\n<p>Im Rhein schwimmt offenbar mehr Mikroplastik als bisher gedacht. Das kam bei einer Pilotstudie des Landesumweltamtes heraus. Es hatte an neun Stellen in NRW Proben entnommen &#8211; unter anderem auch in Duisburg-Rheinhausen. \u00dcberall wurden kleinste Plastikpartikel gefunden &#8211; teils auch in extremer Konzentration. Die Spanne lag zwischen 0,6 und 3,6 Beads pro Kubikmeter. Beads sind Kunststoffk\u00fcgelchen, die z.B. vielen Kosmetik- und K\u00f6rperpflegeprodukten beigemischt werden. In Rheinhausen lag die Konzentration bei etwa 2,3 Beads pro Kubikmeter. <a href=\"https:\/\/www.lanuk.nrw.de\/fileadmin\/user_upload\/Mikroplastik_aus_Industriellen_Einleitern_20250327.pdf\" rel=\"noopener noreferrer\" target=\"_blank\">Hier geht es zur kompletten Studie.\u00a0<\/a><\/p>\n<p>Chemiestandorte besonders betroffen<\/p>\n<p>Besonders betroffen von Mikroplastik sind laut der Studie Abwasserstr\u00f6me von Chemiestandorten am Rhein. Hier laufen auch schon Gespr\u00e4che zwischen Ministerium, Landesamt, Bezirksregierungen und den Betreibern der Werke. Dabei gehe es darum, wie Quellen der Belastungen ermittelt und Plastikeintr\u00e4ge vermindert werden k\u00f6nnten. Als Mikroplastik werden Kunststoffpartikel mit einem Durchmesser unter f\u00fcnf Millimetern bezeichnet. Noch sprechen Experten von einer Momentaufnahme, weitere Untersuchungen sollen noch folgen.<\/p>\n","protected":false},"excerpt":{"rendered":"Ver\u00f6ffentlicht:\u00a0Mittwoch, 13.08.2025 14:10 Das Landesumweltamt hat untersucht, wie stark die Belastung durch Mikroplastik im Rhein ist &#8211; teils&hellip;\n","protected":false},"author":2,"featured_media":342462,"comment_status":"","ping_status":"","sticky":false,"template":"","format":"standard","meta":{"footnotes":""},"categories":[1838],"tags":[3364,29,3715,30,3716,1209],"class_list":{"0":"post-342461","1":"post","2":"type-post","3":"status-publish","4":"format-standard","5":"has-post-thumbnail","7":"category-duisburg","8":"tag-de","9":"tag-deutschland","10":"tag-duisburg","11":"tag-germany","12":"tag-niederrhein","13":"tag-nordrhein-westfalen"},"share_on_mastodon":{"url":"https:\/\/pubeurope.com\/@de\/115023469899000200","error":""},"_links":{"self":[{"href":"https:\/\/www.europesays.com\/de\/wp-json\/wp\/v2\/posts\/342461","targetHints":{"allow":["GET"]}}],"collection":[{"href":"https:\/\/www.europesays.com\/de\/wp-json\/wp\/v2\/posts"}],"about":[{"href":"https:\/\/www.europesays.com\/de\/wp-json\/wp\/v2\/types\/post"}],"author":[{"embeddable":true,"href":"https:\/\/www.europesays.com\/de\/wp-json\/wp\/v2\/users\/2"}],"replies":[{"embeddable":true,"href":"https:\/\/www.europesays.com\/de\/wp-json\/wp\/v2\/comments?post=342461"}],"version-history":[{"count":0,"href":"https:\/\/www.europesays.com\/de\/wp-json\/wp\/v2\/posts\/342461\/revisions"}],"wp:featuredmedia":[{"embeddable":true,"href":"https:\/\/www.europesays.com\/de\/wp-json\/wp\/v2\/media\/342462"}],"wp:attachment":[{"href":"https:\/\/www.europesays.com\/de\/wp-json\/wp\/v2\/media?parent=342461"}],"wp:term":[{"taxonomy":"category","embeddable":true,"href":"https:\/\/www.europesays.com\/de\/wp-json\/wp\/v2\/categories?post=342461"},{"taxonomy":"post_tag","embeddable":true,"href":"https:\/\/www.europesays.com\/de\/wp-json\/wp\/v2\/tags?post=342461"}],"curies":[{"name":"wp","href":"https:\/\/api.w.org\/{rel}","templated":true}]}}