{"id":342493,"date":"2025-08-13T21:16:14","date_gmt":"2025-08-13T21:16:14","guid":{"rendered":"https:\/\/www.europesays.com\/de\/342493\/"},"modified":"2025-08-13T21:16:14","modified_gmt":"2025-08-13T21:16:14","slug":"stuttgart21-wie-sich-die-bahnhofshalle-veraendert-2","status":"publish","type":"post","link":"https:\/\/www.europesays.com\/de\/342493\/","title":{"rendered":"Stuttgart21: Wie sich die Bahnhofshalle ver\u00e4ndert"},"content":{"rendered":"<p>\t\t\t\t\t\t\t\t\t\t\t\t\t\t\t\t\t\t\t\t\t\t\t\t\t\t\t\t      \t\t            \t\t             \t\t\t\t   \t\t\t\t\t   <img decoding=\"async\" id=\"article-image\" fetchpriority=\"high\" alt=\"Stuttgart21: Wie sich die Bahnhofshalle ver\u00e4ndert\" onclick=\"var pA=document.createElement('a');pA.setAttribute('href','https:\/\/www.stuttgarter-nachrichten.de\/gallery.stuttgart21-wie-sich-die-bahnhofshalle-veraendert.98fe2322-0d03-4e2f-bc49-49f1cff774aa.html'),pA.click();\" title=\"Stuttgart21: Wie sich die Bahnhofshalle ver\u00e4ndert\" src=\"https:\/\/www.europesays.com\/de\/wp-content\/uploads\/2025\/08\/media.media.743baca3-1985-42be-a823-94d1b3f08436.16x9_700.jpg\" data-linkto=\"https:\/\/www.stuttgarter-nachrichten.de\/gallery.stuttgart21-wie-sich-die-bahnhofshalle-veraendert.98fe2322-0d03-4e2f-bc49-49f1cff774aa.html\"\/>\t\t\t\t\t\t\t\t\t\t\t\t\t\t\t\t\t\t\t\t\t\t\t\tPhasenweise gab es noch Verkaufst\u00e4nde in der Mitte der Halle, was ein Durchkommen erschwerte.\u00a0Foto: Andreas Rosar Fotoagentur-Stuttgart\t\t\t<\/p>\n<p>Die gro\u00dfe Querbahnsteighalle ist das Kernst\u00fcck des bisherigen Hauptbahnhofs. \u00dcber die Jahre hat sie sich immer wieder ver\u00e4ndert und bekommt derzeit abermals ein neues Aussehen.<\/p>\n<p>Wandelhalle nennt die <a href=\"https:\/\/www.stuttgarter-nachrichten.de\/thema\/Deutsche_Bahn\" title=\"Deutsche Bahn\" class=\"art_thema\" rel=\"nofollow noopener\" target=\"_blank\">Deutsche Bahn<\/a> die gro\u00dfe Kopfbahnsteighalle des Stuttgarter Hauptbahnhofs. Gemeint ist, dass dort die Reisenden, als man noch Zeit hatte, gem\u00e4chlich schlenderten, die Auslagen der Gesch\u00e4fte betrachteten oder das gastronomische Angebot nutzten. Der Begriff passt aber auch in einer anderen Hinsicht: wie viel Teile des Hauptbahnhofs war auch die gro\u00dfe Halle einem stetigen Wandel unterzogen. <\/p>\n<p>Halle wird komplett neu gestaltet <\/p>\n<p>Derzeit ist die Halle wie der \u00fcbrige Hauptbahnhof gesperrt. Die Ver\u00e4nderung, die dort derzeit vollzogen wird, geht \u00fcber vorherige Umgestaltungen weit hinaus. K\u00fcnftig hat die Halle zwei Ebenen. Von der unteren aus, die auf dem Niveau des Arnulf-Klett-Platzes liegt, gelangen Reisende auf die Verteilerstege, von denen es zu den Bahnsteigen geht. Die obere Ebene schafft den Zugang zum Bahnhofsdach oberhalb der unterirdischen Gleise, auf dem der Manfred-Rommel-Platz entstehen wird.<\/p>\n<p>Wie sich die Halle im Lauf der Jahre ver\u00e4ndert hat, sehen Sie in unserer Bilderstrecke. <\/p>\n","protected":false},"excerpt":{"rendered":"Phasenweise gab es noch Verkaufst\u00e4nde in der Mitte der Halle, was ein Durchkommen erschwerte.\u00a0Foto: Andreas Rosar Fotoagentur-Stuttgart Die&hellip;\n","protected":false},"author":2,"featured_media":342046,"comment_status":"","ping_status":"","sticky":false,"template":"","format":"standard","meta":{"footnotes":""},"categories":[1830],"tags":[1634,9635,3364,2030,29,30,9636,95777,1441,9634,601],"class_list":{"0":"post-342493","1":"post","2":"type-post","3":"status-publish","4":"format-standard","5":"has-post-thumbnail","7":"category-stuttgart","8":"tag-baden-wuerttemberg","9":"tag-bonatzbau","10":"tag-de","11":"tag-deutsche-bahn","12":"tag-deutschland","13":"tag-germany","14":"tag-hauptbahnhof-stuttgart","15":"tag-paul-bonatz","16":"tag-stuttgart","17":"tag-stuttgart-21","18":"tag-verkehr"},"share_on_mastodon":{"url":"https:\/\/pubeurope.com\/@de\/115023536659388187","error":""},"_links":{"self":[{"href":"https:\/\/www.europesays.com\/de\/wp-json\/wp\/v2\/posts\/342493","targetHints":{"allow":["GET"]}}],"collection":[{"href":"https:\/\/www.europesays.com\/de\/wp-json\/wp\/v2\/posts"}],"about":[{"href":"https:\/\/www.europesays.com\/de\/wp-json\/wp\/v2\/types\/post"}],"author":[{"embeddable":true,"href":"https:\/\/www.europesays.com\/de\/wp-json\/wp\/v2\/users\/2"}],"replies":[{"embeddable":true,"href":"https:\/\/www.europesays.com\/de\/wp-json\/wp\/v2\/comments?post=342493"}],"version-history":[{"count":0,"href":"https:\/\/www.europesays.com\/de\/wp-json\/wp\/v2\/posts\/342493\/revisions"}],"wp:featuredmedia":[{"embeddable":true,"href":"https:\/\/www.europesays.com\/de\/wp-json\/wp\/v2\/media\/342046"}],"wp:attachment":[{"href":"https:\/\/www.europesays.com\/de\/wp-json\/wp\/v2\/media?parent=342493"}],"wp:term":[{"taxonomy":"category","embeddable":true,"href":"https:\/\/www.europesays.com\/de\/wp-json\/wp\/v2\/categories?post=342493"},{"taxonomy":"post_tag","embeddable":true,"href":"https:\/\/www.europesays.com\/de\/wp-json\/wp\/v2\/tags?post=342493"}],"curies":[{"name":"wp","href":"https:\/\/api.w.org\/{rel}","templated":true}]}}