{"id":342504,"date":"2025-08-13T21:23:12","date_gmt":"2025-08-13T21:23:12","guid":{"rendered":"https:\/\/www.europesays.com\/de\/342504\/"},"modified":"2025-08-13T21:23:12","modified_gmt":"2025-08-13T21:23:12","slug":"basketball-star-dennis-schroeder-beim-falschparken-in-muenchen-erwischt-sport","status":"publish","type":"post","link":"https:\/\/www.europesays.com\/de\/342504\/","title":{"rendered":"Basketball-Star Dennis Schr\u00f6der beim Falschparken in M\u00fcnchen erwischt | Sport"},"content":{"rendered":"<p><b>Auch f\u00fcr Superstars und Weltmeister gilt die Stra\u00dfenverkehrsordnung \u2026<\/b><\/p>\n<p>Ein weiteres Beispiel wurde am Dienstag in M\u00fcnchen geliefert. In der Hauptrolle: <a href=\"https:\/\/www.bild.de\/sport\/mehr-sport\/sieg-gegen-slowenien-schroeder-wieder-da-aber-raetsel-um-doncic-68989238dbbc3327c9f82d3d\" class=\"text-link\" target=\"_blank\" rel=\"noopener\">Dennis Schr\u00f6der<\/a>, Kapit\u00e4n der deutschen <a href=\"https:\/\/www.bild.de\/sport\/mehr-sport\/basketball\/startseite-sport-sport-mix-basketball-26394584.bild.html\" class=\"text-link\" target=\"_blank\" rel=\"noopener\">Basketball<\/a>-Nationalmannschaft und Star-Spieler der Sacramento Kings in der nordamerikanischen Liga NBA.<\/p>\n<p>Basketball-Star Dennis Schr\u00f6der beim Falschparken in M\u00fcnchen erwischt<\/p>\n<p>Der Weltmeister von 2023 besuchte f\u00fcr eine Autogrammstunde den Kickz-Store am Stachus in der bayerischen Landeshauptstadt.<\/p>\n<p><b>Problem: Schr\u00f6der und seine Entourage wollten die Wege offenbar so kurz wie m\u00f6glich halten, stellten ihre Fahrzeuge \u2013 einen Bully und einen SUV mit Braunschweiger Kennzeichen (Schr\u00f6der ist Gesellschafter der Basketball L\u00f6wen Braunschweig in der Easycredit BBL) \u2013 deshalb direkt vor dem Laden auf dem Gehweg ab.<\/b><\/p>\n<p>Mehr zum Thema<\/p>\n<p>Gehweg? Geht gar nicht, dachten sich die Kontrolleure der M\u00fcnchener Beh\u00f6rden, als sie die Fahrzeuge stehen sahen und machten sich daran, die Falschparker hochzunehmen. Ein Freund von Schr\u00f6der bemerkte es als Erster, st\u00fcrmte nach au\u00dfen, um Schlimmeres zu verhindern.<\/p>\n<p><b>Auch der Basketball-Star selbst eilte im Anschluss nach drau\u00dfen, diskutierte drei, vier Minuten mit den Ordnungsh\u00fctern. Half nichts, die Fahrzeuge wurden aufgeschrieben und mussten unverz\u00fcglich vom Gehweg entfernt werden.<\/b><\/p>\n<p>Schr\u00f6der bereitet sich gerade mit der deutschen Basketball-Nationalmannschaft auf die Europameisterschaft vor, die vom 27. August bis 14. September in Lettland, Finnland, Zypern und Polen stattfindet.<\/p>\n<p><img decoding=\"async\" width=\"992\" height=\"84\" alt=\"Teaser-Bild\" src=\"https:\/\/www.europesays.com\/de\/wp-content\/uploads\/2025\/08\/c916dced6d1443e52d94c8482c849d4b,abc09b98\"   class=\"dynamic\" loading=\"lazy\"\/><\/p>\n<p>Foto: BILD<\/p>\n","protected":false},"excerpt":{"rendered":"Auch f\u00fcr Superstars und Weltmeister gilt die Stra\u00dfenverkehrsordnung \u2026 Ein weiteres Beispiel wurde am Dienstag in M\u00fcnchen geliefert.&hellip;\n","protected":false},"author":2,"featured_media":342505,"comment_status":"","ping_status":"","sticky":false,"template":"","format":"standard","meta":{"footnotes":""},"categories":[1827],"tags":[1263,2493,66357,772,2472,9954,29,5841,30,1268,15918,37715,45],"class_list":{"0":"post-342504","1":"post","2":"type-post","3":"status-publish","4":"format-standard","5":"has-post-thumbnail","7":"category-muenchen","8":"tag-aufmacher-bereich","9":"tag-basketball","10":"tag-basketball-em","11":"tag-bayern","12":"tag-bbl","13":"tag-dbb","14":"tag-deutschland","15":"tag-dyn-basketball","16":"tag-germany","17":"tag-muenchen","18":"tag-nba","19":"tag-schroeder-dennis","20":"tag-texttospeech"},"share_on_mastodon":{"url":"https:\/\/pubeurope.com\/@de\/115023564216719045","error":""},"_links":{"self":[{"href":"https:\/\/www.europesays.com\/de\/wp-json\/wp\/v2\/posts\/342504","targetHints":{"allow":["GET"]}}],"collection":[{"href":"https:\/\/www.europesays.com\/de\/wp-json\/wp\/v2\/posts"}],"about":[{"href":"https:\/\/www.europesays.com\/de\/wp-json\/wp\/v2\/types\/post"}],"author":[{"embeddable":true,"href":"https:\/\/www.europesays.com\/de\/wp-json\/wp\/v2\/users\/2"}],"replies":[{"embeddable":true,"href":"https:\/\/www.europesays.com\/de\/wp-json\/wp\/v2\/comments?post=342504"}],"version-history":[{"count":0,"href":"https:\/\/www.europesays.com\/de\/wp-json\/wp\/v2\/posts\/342504\/revisions"}],"wp:featuredmedia":[{"embeddable":true,"href":"https:\/\/www.europesays.com\/de\/wp-json\/wp\/v2\/media\/342505"}],"wp:attachment":[{"href":"https:\/\/www.europesays.com\/de\/wp-json\/wp\/v2\/media?parent=342504"}],"wp:term":[{"taxonomy":"category","embeddable":true,"href":"https:\/\/www.europesays.com\/de\/wp-json\/wp\/v2\/categories?post=342504"},{"taxonomy":"post_tag","embeddable":true,"href":"https:\/\/www.europesays.com\/de\/wp-json\/wp\/v2\/tags?post=342504"}],"curies":[{"name":"wp","href":"https:\/\/api.w.org\/{rel}","templated":true}]}}