{"id":342508,"date":"2025-08-13T21:25:30","date_gmt":"2025-08-13T21:25:30","guid":{"rendered":"https:\/\/www.europesays.com\/de\/342508\/"},"modified":"2025-08-13T21:25:30","modified_gmt":"2025-08-13T21:25:30","slug":"unfall-hamburg-staugefahr-buergerweide-komplett-dicht","status":"publish","type":"post","link":"https:\/\/www.europesays.com\/de\/342508\/","title":{"rendered":"Unfall Hamburg: Staugefahr! B\u00fcrgerweide komplett dicht"},"content":{"rendered":"\n<p><strong>Am Mittwochmittag kam es in Borgfelde zu einem schweren Autounfall. Ein Fahrer wurde schwer verletzt. Die Stra\u00dfe musste um den Unfallort herum gesperrt werden.<\/strong><\/p>\n<p>Zwei Autos kollidierten am Mittwoch gegen 14.45 Uhr an der Kreuzung B\u00fcrgerweide\/Alfredstra\u00dfe, so eine Sprecherin der Polizei. Einer der Wagen wurde bei dem Zusammensto\u00df durch die Luft geschleudert und kam auf der Seite zum Stehen. Ein Fahrer musste laut Polizei mit schweren Verletzungen in ein Krankenhaus gebracht werden.<\/p>\n<p><strong>Das k\u00f6nnte Sie auch interessieren<\/strong>: <a href=\"https:\/\/www.mopo.de\/hamburg\/polizei\/nach-diebstahl-aus-polizeiauto-suche-nach-dienstwaffe-geht-weiter\/\" rel=\"nofollow noopener\" target=\"_blank\">Rucksack wieder da \u2013 Dienstwaffe weiter verschwunden: Wie konnte das passieren?<\/a><\/p>\n<p>Die Stra\u00dfe B\u00fcrgerweide ist ab H\u00f6he der Alfredstra\u00dfe bis Berliner Tor stadtausw\u00e4rts gesperrt. Stadteinw\u00e4rts ist die Stra\u00dfe laut Sprecherin ab Landwehr dicht. Die genaue Unfallursache ist bislang unklar. (mp)<\/p>\n<p> <img decoding=\"async\" class=\"vg_wort_pixel\" src=\"https:\/\/www.europesays.com\/de\/wp-content\/uploads\/2025\/08\/vgzm.1021513-mopo-1613569.gif\" alt=\"\" style=\"width: 1px; height: 1px; position: absolute; pointer-events: none;\"\/><\/p>\n","protected":false},"excerpt":{"rendered":"Am Mittwochmittag kam es in Borgfelde zu einem schweren Autounfall. Ein Fahrer wurde schwer verletzt. Die Stra\u00dfe musste&hellip;\n","protected":false},"author":2,"featured_media":342509,"comment_status":"","ping_status":"","sticky":false,"template":"","format":"standard","meta":{"footnotes":""},"categories":[1826],"tags":[29,30,692],"class_list":{"0":"post-342508","1":"post","2":"type-post","3":"status-publish","4":"format-standard","5":"has-post-thumbnail","7":"category-hamburg","8":"tag-deutschland","9":"tag-germany","10":"tag-hamburg"},"share_on_mastodon":{"url":"https:\/\/pubeurope.com\/@de\/115023572094541549","error":""},"_links":{"self":[{"href":"https:\/\/www.europesays.com\/de\/wp-json\/wp\/v2\/posts\/342508","targetHints":{"allow":["GET"]}}],"collection":[{"href":"https:\/\/www.europesays.com\/de\/wp-json\/wp\/v2\/posts"}],"about":[{"href":"https:\/\/www.europesays.com\/de\/wp-json\/wp\/v2\/types\/post"}],"author":[{"embeddable":true,"href":"https:\/\/www.europesays.com\/de\/wp-json\/wp\/v2\/users\/2"}],"replies":[{"embeddable":true,"href":"https:\/\/www.europesays.com\/de\/wp-json\/wp\/v2\/comments?post=342508"}],"version-history":[{"count":0,"href":"https:\/\/www.europesays.com\/de\/wp-json\/wp\/v2\/posts\/342508\/revisions"}],"wp:featuredmedia":[{"embeddable":true,"href":"https:\/\/www.europesays.com\/de\/wp-json\/wp\/v2\/media\/342509"}],"wp:attachment":[{"href":"https:\/\/www.europesays.com\/de\/wp-json\/wp\/v2\/media?parent=342508"}],"wp:term":[{"taxonomy":"category","embeddable":true,"href":"https:\/\/www.europesays.com\/de\/wp-json\/wp\/v2\/categories?post=342508"},{"taxonomy":"post_tag","embeddable":true,"href":"https:\/\/www.europesays.com\/de\/wp-json\/wp\/v2\/tags?post=342508"}],"curies":[{"name":"wp","href":"https:\/\/api.w.org\/{rel}","templated":true}]}}