{"id":342514,"date":"2025-08-13T21:28:18","date_gmt":"2025-08-13T21:28:18","guid":{"rendered":"https:\/\/www.europesays.com\/de\/342514\/"},"modified":"2025-08-13T21:28:18","modified_gmt":"2025-08-13T21:28:18","slug":"mauerbau-vor-64-jahren-gedenken-an-peter-fechter-regional","status":"publish","type":"post","link":"https:\/\/www.europesays.com\/de\/342514\/","title":{"rendered":"Mauerbau vor 64 Jahren: Gedenken an Peter Fechter | Regional"},"content":{"rendered":"<p>Berlin \u2013 <b>Am Mittwoch wurde an der Gedenkstele f\u00fcr Peter Fechter in der Zimmerstra\u00dfe in Berlin-Kreuzberg dem Mauerbau vor 64 Jahren und den zahlreichen Opfern gedacht.<\/b><\/p>\n<p>Am 13. August 1961 begann das SED-Regime mit dem Bau der m\u00f6rderischen Berliner Mauer, die die Stadt brutal in zwei H\u00e4lften zerschnitt und Familien zerriss. Bei Fluchtversuchen wurden etwa 140 Menschen get\u00f6tet.<\/p>\n<p><b>Der Regierende B\u00fcrgermeister Kai Wegner (52, CDU), Friede Springer, Mitglieder des Berliner Abgeordnetenhauses sowie die Gesch\u00e4ftstr\u00e4ger der Alliierten-Botschaften nahmen an der Kranzniederlegung zum Gedenken an die Mauertoten teil.<\/b><\/p>\n<p><img decoding=\"async\" width=\"992\" height=\"558\" alt=\"Rund um die Stele wurden viele Kr\u00e4nze und Blumengestecke abgelegt\" src=\"https:\/\/www.europesays.com\/de\/wp-content\/uploads\/2025\/08\/299aa9c50ac4accd381e7b74006c4177,d4f0b0d4\"   class=\"landscape\" loading=\"lazy\"\/><\/p>\n<p class=\"fig__caption__text\">Rund um die Stele wurden viele Kr\u00e4nze und Blumengestecke abgelegt<\/p>\n<p>Foto: Christian Spreitz\/BILD<\/p>\n<p>\u201eDer 13. August 1961, der Bau dieser <a href=\"https:\/\/www.bild.de\/themen\/specials\/berliner-mauer\/east-side-gallery-fotos-videos-news-29684168.bild.html\" class=\"text-link\" rel=\"nofollow noopener\" target=\"_blank\">Berliner Mauer<\/a>, geh\u00f6rt zu Berlin. Es war ein trauriger Tag in unserer Geschichte. Aber das Sch\u00f6ne ist: Am Ende hat die Freiheit gesiegt. Am 9. November 1989 ist dieses Monstrum eingest\u00fcrzt. Berlin ist heute eine freie Stadt, in der jeder in Freiheit leben kann\u201c, sagte Berlins Regierender B\u00fcrgermeister Kai Wegner.<\/p>\n<p>Mehr zum Thema<\/p>\n<p><b>\u201eAber die Freiheit ist keine Selbstverst\u00e4ndlichkeit. Sie muss gesch\u00fctzt und bewahrt werden, es muss tagt\u00e4glich f\u00fcr sie gek\u00e4mpft werden. Der 13. August ist ein mahnendes Beispiel daf\u00fcr, dass wir niemals zu selbstsicher sein sollten, dass die Freiheit selbstverst\u00e4ndlich ist.\u201c<\/b><\/p>\n<p>Auch f\u00fcr Friede Springer ist das Gedenken unverzichtbar: \u201eF\u00fcr mich ist dieser Tag sehr wichtig, und es ist entscheidend, dass wir ihn nicht vergessen. Es muss mehr dar\u00fcber aufgekl\u00e4rt werden, was hier passiert ist.\u201c<\/p>\n<p><img decoding=\"async\" width=\"992\" height=\"558\" alt=\"Evelyn Zupke, Bundesbeauftragte f\u00fcr die Opfer der SED-Diktatur, betont: \u201eEs ist wichtig, jedes Jahr am 13. August an die Schandmauer, die innerdeutsche Grenze und die Opfer sowie ihre Angeh\u00f6rigen zu erinnern\u201c\" src=\"https:\/\/www.europesays.com\/de\/wp-content\/uploads\/2025\/08\/cd1cdc02324af91af25ec376a5c41354,b99f4dbb\"   class=\"landscape\" loading=\"lazy\"\/><\/p>\n<p class=\"fig__caption__text\">Evelyn Zupke, Bundesbeauftragte f\u00fcr die Opfer der SED-Diktatur, betont: \u201eEs ist wichtig, jedes Jahr am 13. August an die Schandmauer, die innerdeutsche Grenze und die Opfer sowie ihre Angeh\u00f6rigen zu erinnern\u201c<\/p>\n<p>Foto: Christian Spreitz\/BILD<\/p>\n<p>Peter Fechter an der Mauer erschossen<\/p>\n<p><b>An der Stele wird an das ersch\u00fctternde Schicksal von Peter Fechter erinnert. Der damals 18-j\u00e4hrige Handwerker aus Wei\u00dfensee wurde am 17. August 1962 beim Fluchtversuch in den Westen von <\/b><a href=\"https:\/\/www.bild.de\/themen\/orte\/ddr\/politik-nachrichten-news-fotos-videos-20442104.bild.html\" class=\"text-link\" rel=\"nofollow noopener\" target=\"_blank\"><b>DDR<\/b><\/a><b>-Grenzsoldaten an der Zimmerstra\u00dfe erschossen. Schwer verletzt und ohne medizinische Hilfe lag Fechter eine Stunde lang im Stacheldraht, bevor er abtransportiert wurde.<\/b><\/p>\n<p><img decoding=\"async\" width=\"992\" height=\"1178\" alt=\"Am 17. August 1962 wurde Peter Fechter (18) an der Berliner Mauer get\u00f6tet\" src=\"https:\/\/www.europesays.com\/de\/wp-content\/uploads\/2025\/08\/99ca48eeaf09eec0aab2643a453b6ef4,429a45e3\"   class=\"portrait\" loading=\"lazy\"\/><\/p>\n<p class=\"fig__caption__text\">Am 17. August 1962 wurde Peter Fechter (18) an der Berliner Mauer get\u00f6tet<\/p>\n<p>Foto: picture-alliance \/ dpa<\/p>\n<p>Die Peter-Fechter-Stele des K\u00fcnstlers Karl Biedermann gibt vielen der unbekannten Mauertoten ein Gesicht. Sie wurde vor 26 Jahren von Axel Springer gestiftet.<\/p>\n<p>Auch an weiteren Orten, wie der Kapelle der Vers\u00f6hnung und der Gedenkst\u00e4tte an der Bernauer Stra\u00dfe, wurden Kr\u00e4nze niedergelegt und den Toten gedacht.<\/p>\n","protected":false},"excerpt":{"rendered":"Berlin \u2013 Am Mittwoch wurde an der Gedenkstele f\u00fcr Peter Fechter in der Zimmerstra\u00dfe in Berlin-Kreuzberg dem Mauerbau&hellip;\n","protected":false},"author":2,"featured_media":342515,"comment_status":"","ping_status":"","sticky":false,"template":"","format":"standard","meta":{"footnotes":""},"categories":[1825],"tags":[95849,296,37535,29,35146,30,66523,45],"class_list":{"0":"post-342514","1":"post","2":"type-post","3":"status-publish","4":"format-standard","5":"has-post-thumbnail","7":"category-berlin","8":"tag-bau-der-berliner-mauer","9":"tag-berlin","10":"tag-berliner-mauer","11":"tag-deutschland","12":"tag-gedenktag","13":"tag-germany","14":"tag-mauerfall","15":"tag-texttospeech"},"share_on_mastodon":{"url":"https:\/\/pubeurope.com\/@de\/115023584208869585","error":""},"_links":{"self":[{"href":"https:\/\/www.europesays.com\/de\/wp-json\/wp\/v2\/posts\/342514","targetHints":{"allow":["GET"]}}],"collection":[{"href":"https:\/\/www.europesays.com\/de\/wp-json\/wp\/v2\/posts"}],"about":[{"href":"https:\/\/www.europesays.com\/de\/wp-json\/wp\/v2\/types\/post"}],"author":[{"embeddable":true,"href":"https:\/\/www.europesays.com\/de\/wp-json\/wp\/v2\/users\/2"}],"replies":[{"embeddable":true,"href":"https:\/\/www.europesays.com\/de\/wp-json\/wp\/v2\/comments?post=342514"}],"version-history":[{"count":0,"href":"https:\/\/www.europesays.com\/de\/wp-json\/wp\/v2\/posts\/342514\/revisions"}],"wp:featuredmedia":[{"embeddable":true,"href":"https:\/\/www.europesays.com\/de\/wp-json\/wp\/v2\/media\/342515"}],"wp:attachment":[{"href":"https:\/\/www.europesays.com\/de\/wp-json\/wp\/v2\/media?parent=342514"}],"wp:term":[{"taxonomy":"category","embeddable":true,"href":"https:\/\/www.europesays.com\/de\/wp-json\/wp\/v2\/categories?post=342514"},{"taxonomy":"post_tag","embeddable":true,"href":"https:\/\/www.europesays.com\/de\/wp-json\/wp\/v2\/tags?post=342514"}],"curies":[{"name":"wp","href":"https:\/\/api.w.org\/{rel}","templated":true}]}}