{"id":342521,"date":"2025-08-13T21:32:10","date_gmt":"2025-08-13T21:32:10","guid":{"rendered":"https:\/\/www.europesays.com\/de\/342521\/"},"modified":"2025-08-13T21:32:10","modified_gmt":"2025-08-13T21:32:10","slug":"prinzessin-madeleine-hof-macht-ueberraschende-neuigkeiten-oeffentlich","status":"publish","type":"post","link":"https:\/\/www.europesays.com\/de\/342521\/","title":{"rendered":"Prinzessin Madeleine: Hof macht \u00fcberraschende Neuigkeiten \u00f6ffentlich"},"content":{"rendered":"<p>Prinzessin Madeleine + Chris O&#8217;Neill<br \/>\nPalast macht \u00fcberraschende Neuigkeiten \u00f6ffentlich<\/p>\n<p>  <img class=\"image image--video-poster\"   src=\"https:\/\/www.europesays.com\/de\/wp-content\/uploads\/2025\/08\/prinzessin-madeleine-chris-o-neill.jpg\" alt=\"Prinzessin Madeleine und Chris O'Neill\" decoding=\"async\" fetchpriority=\"high\" loading=\"eager\"\/><\/p>\n<p>\n Im Video erfahren Sie, f\u00fcr welche \u00dcberraschung Prinzessin Madeleine und Chris O&#8217;Neil jetzt sorgen. Mehr\n  <\/p>\n<p>\nPrinzessin Madeleine und Chris O&#8217;Neill zeigten sich zuletzt am Victoriatag vor wenigen Wochen. Seitdem ist es um das Ehepaar ruhig geworden. Medienberichten zufolge fehlten Madeleine und ihr Ehemann sogar bei der Ank\u00fcndigung eines traditionellen Termins.\n<\/p>\n<p class=\"text-element u-richtext u-typo u-typo--article-text article__text-element text-element--context-article\"> Seit ihrem Umzug nach Schweden zeigen sich <a class=\"link--person\" data-target-type=\"article\" href=\"https:\/\/www.gala.de\/stars\/starportraets\/prinzessin-madeleine-20476738.html\" rel=\"nofollow noopener\" target=\"_blank\">Prinzessin Madeleine<\/a>, 43, und ihr Ehemann <a class=\"link--person\" data-target-type=\"article\" href=\"https:\/\/www.gala.de\/stars\/starportraets\/chris-o-neill-20554664.html\" rel=\"nofollow noopener\" target=\"_blank\">Chris O&#8217;Neill<\/a>, 51, in einer neuen Regelm\u00e4\u00dfigkeit bei k\u00f6niglichen Terminen. Der geb\u00fcrtige Brite machte zwar von Anfang an klar, dass er nicht f\u00fcr die Krone arbeiten werde, unterst\u00fctzt seine Ehefrau und ihre Familie aber dennoch bei den wichtigsten Terminen im royalen Jahr.\u00a0<\/p>\n<p>Prinzessin Madeleine + Chris nachtr\u00e4glich bei Termin erg\u00e4nzt<\/p>\n<p class=\"text-element u-richtext u-typo u-typo--article-text article__text-element text-element--context-article\"> Deshalb staunte man beim d\u00e4nischen &#8222;Billed Bladet&#8220; nicht schlecht, als Madeleine und Chris bei der Ank\u00fcndigung f\u00fcr die Parlamentser\u00f6ffnung, die am 9. September 2025 stattfindet, nicht aufgef\u00fchrt wurden. Die j\u00fcngere Tochter von <a class=\"link--person\" data-target-type=\"article\" href=\"https:\/\/www.gala.de\/stars\/starportraets\/koenig-carl-gustaf-22002830.html\" rel=\"nofollow noopener\" target=\"_blank\">K\u00f6nig Carl Gustaf<\/a>, 79, und <a class=\"link--person\" data-target-type=\"article\" href=\"https:\/\/www.gala.de\/stars\/starportraets\/koenigin-silvia-von-schweden-20347632.html\" rel=\"nofollow noopener\" target=\"_blank\">K\u00f6nigin Silvia<\/a>, 81, zeigte sich noch im vergangenen Jahr bei dem Traditionstermin, den sich die K\u00f6nigsfamilie nicht entgehen l\u00e4sst. Im August dieses Jahres fiel den Journalist:innen des &#8222;Billed Bladet&#8220; aber auf, dass Madeleine und O&#8217;Neill zuerst nicht im \u00f6ffentlichen Kalender eingetragen waren. Stattdessen wurden nur das K\u00f6nigspaar, <a class=\"link--person\" data-target-type=\"article\" href=\"https:\/\/www.gala.de\/stars\/starportraets\/prinzessin-victoria-von-schweden-im-portraet-20487070.html\" rel=\"nofollow noopener\" target=\"_blank\">Prinzessin Victoria<\/a>, 48, <a class=\"link--person\" data-target-type=\"article\" href=\"https:\/\/www.gala.de\/stars\/starportraets\/prinz-daniel-20480722.html\" rel=\"nofollow noopener\" target=\"_blank\">Prinz Daniel<\/a>, 51, und <a class=\"link--person\" data-target-type=\"article\" href=\"https:\/\/www.gala.de\/stars\/starportraets\/prinz-carl-philip-20547946.html\" rel=\"nofollow noopener\" target=\"_blank\">Prinz Carl Philip<\/a>, 45, unter den insgesamt drei Programmpunkten (einem Gottesdienst, der Er\u00f6ffnung und einer Auff\u00fchrung) genannt.\u00a0<\/p>\n<p class=\"text-element u-richtext u-typo u-typo--article-text article__text-element text-element--context-article\"> Warum Madeleine und ihr Ehemann in der urspr\u00fcnglichen Ank\u00fcndigung fehlten, ist nicht klar. Am 13. August sind aber alle drei Termine im Kalender der Prinzessin aufgef\u00fchrt. Auch O&#8217;Neills Name findet sich in der Aufz\u00e4hlung der Royals wieder.\u00a0<\/p>\n<p>Schweden-Royals trotzdem nicht vollz\u00e4hlig bei Parlamentser\u00f6ffnung<\/p>\n<p class=\"text-element u-richtext u-typo u-typo--article-text article__text-element text-element--context-article\"> Obwohl die 43-J\u00e4hrige und ihr Ehemann sich also am 9. September in Stockholm zeigen werden, wird die K\u00f6nigsfamilie der Parlamentser\u00f6ffnung nicht vollz\u00e4hlig beiwohnen: <a data-target-type=\"article\" href=\"https:\/\/www.gala.de\/royals\/skandinavier\/prinzessin-sofia-bis-ende-2025-in-mutterschutz--hof-erklaert-sich-24434158.html\" rel=\"nofollow noopener\" target=\"_blank\">Wie der Hof am 12. August best\u00e4tigte<\/a>, setzt <a class=\"link--person\" data-target-type=\"article\" href=\"https:\/\/www.gala.de\/stars\/starportraets\/prinzessin-sofia-20536742.html\" rel=\"nofollow noopener\" target=\"_blank\">Prinzessin Sofia<\/a>, 40, bei dem Termin aus. &#8222;Wie Sie wissen, hat Prinzessin Sofia ein kleines Baby und wird daher in diesem Jahr nicht an so vielen offiziellen Veranstaltungen teilnehmen&#8220;, schrieb die Hof-Informationschefin Margareta Thorgren in einer Mitteilung an &#8222;Svensk Damtidning&#8220;.\u00a0<\/p>\n<p class=\"text-element u-richtext u-typo u-typo--article-text article__text-element text-element--context-article\"> Verwendete Quellen: kungahuset.se, billedbladet.dk, svenskdam.se<\/p>\n<p>\ncre<br \/>\nGala\n<\/p>\n<p>#Themen<\/p>\n","protected":false},"excerpt":{"rendered":"Prinzessin Madeleine + Chris O&#8217;Neill Palast macht \u00fcberraschende Neuigkeiten \u00f6ffentlich Im Video erfahren Sie, f\u00fcr welche \u00dcberraschung Prinzessin&hellip;\n","protected":false},"author":2,"featured_media":342522,"comment_status":"","ping_status":"","sticky":false,"template":"","format":"standard","meta":{"footnotes":""},"categories":[1776],"tags":[1801,29,214,30,1802,215],"class_list":{"0":"post-342521","1":"post","2":"type-post","3":"status-publish","4":"format-standard","5":"has-post-thumbnail","7":"category-prominente","8":"tag-celebrities","9":"tag-deutschland","10":"tag-entertainment","11":"tag-germany","12":"tag-prominente","13":"tag-unterhaltung"},"share_on_mastodon":{"url":"https:\/\/pubeurope.com\/@de\/115023599917810889","error":""},"_links":{"self":[{"href":"https:\/\/www.europesays.com\/de\/wp-json\/wp\/v2\/posts\/342521","targetHints":{"allow":["GET"]}}],"collection":[{"href":"https:\/\/www.europesays.com\/de\/wp-json\/wp\/v2\/posts"}],"about":[{"href":"https:\/\/www.europesays.com\/de\/wp-json\/wp\/v2\/types\/post"}],"author":[{"embeddable":true,"href":"https:\/\/www.europesays.com\/de\/wp-json\/wp\/v2\/users\/2"}],"replies":[{"embeddable":true,"href":"https:\/\/www.europesays.com\/de\/wp-json\/wp\/v2\/comments?post=342521"}],"version-history":[{"count":0,"href":"https:\/\/www.europesays.com\/de\/wp-json\/wp\/v2\/posts\/342521\/revisions"}],"wp:featuredmedia":[{"embeddable":true,"href":"https:\/\/www.europesays.com\/de\/wp-json\/wp\/v2\/media\/342522"}],"wp:attachment":[{"href":"https:\/\/www.europesays.com\/de\/wp-json\/wp\/v2\/media?parent=342521"}],"wp:term":[{"taxonomy":"category","embeddable":true,"href":"https:\/\/www.europesays.com\/de\/wp-json\/wp\/v2\/categories?post=342521"},{"taxonomy":"post_tag","embeddable":true,"href":"https:\/\/www.europesays.com\/de\/wp-json\/wp\/v2\/tags?post=342521"}],"curies":[{"name":"wp","href":"https:\/\/api.w.org\/{rel}","templated":true}]}}