{"id":342531,"date":"2025-08-13T21:37:12","date_gmt":"2025-08-13T21:37:12","guid":{"rendered":"https:\/\/www.europesays.com\/de\/342531\/"},"modified":"2025-08-13T21:37:12","modified_gmt":"2025-08-13T21:37:12","slug":"barbie-fliegt-aus-dem-programm-drohung-gegen-open-air-kino","status":"publish","type":"post","link":"https:\/\/www.europesays.com\/de\/342531\/","title":{"rendered":"Barbie fliegt aus dem Programm: Drohung gegen Open-Air-Kino"},"content":{"rendered":"\n<p><strong>Es sollte ein Kinoabend f\u00fcr Einwohner einer Stadt bei Paris werden. Doch der B\u00fcrgermeister sagt die Vorstellung wegen St\u00f6renfrieden ab. Auch die franz\u00f6sische Kulturministerin schaltet sich ein.<\/strong><\/p>\n<p>Nach Gewaltdrohungen gegen Besch\u00e4ftigte des \u00f6ffentlichen Dienstes hat die franz\u00f6sische Stadt Noisy-le-Sec eine von ihr geplante Vorf\u00fchrung des Films \u201eBarbie\u201c abgesagt. Die franz\u00f6sische Kulturministerin Rachida Dati beklagte daraufhin in einem Post auf der Plattform X am Mittwoch einen \u201eschwerwiegenden Programm-Eingriff, der Familien und Kinder von einer kulturellen Aktivit\u00e4t ausschlie\u00dft\u201c. Sie k\u00fcndigte rechtliche Schritte an.<\/p>\n<p>Barbie: Kino-Vorstellung nach Drohungen abgesagt<\/p>\n<p>Der B\u00fcrgermeister der Stadt, Olivier Sarrabeyrouse von der Kommunistischen Partei Frankreichs (PCF), \u00e4u\u00dferte am Montag sein Bedauern dar\u00fcber, dass \u201eeine kleine Gruppe aus dem Viertel unter dem Druck eines Einzelnen ihre Energie darauf verwendet hat, die Vorf\u00fchrung dieses Films zu verhindern\u201c. Das kostenlose Freiluftkino-Event h\u00e4tte am vergangenen Freitag stattfinden sollen.<\/p>\n<p>Laut der Mitteilung von Sarrabeyrouse basierten die Drohungen der st\u00f6renden Gruppe auf \u201efadenscheinigen Argumenten\u201c, die von politisch motiviertem \u201eObskurantismus und Fundamentalismus\u201c zeugten.<\/p>\n<p>Barbie: Jugendliche drohten mit Ausschreitungen<\/p>\n<p>Der franz\u00f6sischen Zeitung \u201eLe Parisien\u201c erz\u00e4hlte er, dass Jugendliche den Besch\u00e4ftigten w\u00e4hrend des Aufbaus sagten, sie w\u00fcrden die Vorf\u00fchrung verhindern und die Ausr\u00fcstung zerst\u00f6ren. Die Gegner h\u00e4tten gemeint, dass der Film Homosexualit\u00e4t bef\u00fcrworte und die Integrit\u00e4t der Frau verletze. Weil die Situation sehr aggressiv gewesen sei, h\u00e4tten die Mitarbeitenden den B\u00fcrgermeister angerufen. Er habe dann entschieden, die Veranstaltung abzusagen.<\/p>\n<p>Die bunte Satire \u201eBarbie\u201c von US-Regisseurin Greta Gerwig aus dem Jahr 2023 war ein Welterfolg. Der Film erz\u00e4hlt davon, wie die ikonische Puppe Barbie (dargestellt von Margot Robbie) und Ken (Ryan Gosling) kurzzeitig aus ihrer Heimat Barbieland in die echte Welt gelangen. (dpa)<\/p>\n<p> <img decoding=\"async\" class=\"vg_wort_pixel\" src=\"https:\/\/www.europesays.com\/de\/wp-content\/uploads\/2025\/08\/vgzm.1021513-mopo-1613950.gif\" alt=\"\" style=\"width: 1px; height: 1px; position: absolute; pointer-events: none;\"\/><\/p>\n","protected":false},"excerpt":{"rendered":"Es sollte ein Kinoabend f\u00fcr Einwohner einer Stadt bei Paris werden. Doch der B\u00fcrgermeister sagt die Vorstellung wegen&hellip;\n","protected":false},"author":2,"featured_media":342532,"comment_status":"","ping_status":"","sticky":false,"template":"","format":"standard","meta":{"footnotes":""},"categories":[1771],"tags":[1778,29,214,30,95,1777,215],"class_list":{"0":"post-342531","1":"post","2":"type-post","3":"status-publish","4":"format-standard","5":"has-post-thumbnail","7":"category-kino","8":"tag-cinema","9":"tag-deutschland","10":"tag-entertainment","11":"tag-germany","12":"tag-kino","13":"tag-movie","14":"tag-unterhaltung"},"share_on_mastodon":{"url":"https:\/\/pubeurope.com\/@de\/115023619303316865","error":""},"_links":{"self":[{"href":"https:\/\/www.europesays.com\/de\/wp-json\/wp\/v2\/posts\/342531","targetHints":{"allow":["GET"]}}],"collection":[{"href":"https:\/\/www.europesays.com\/de\/wp-json\/wp\/v2\/posts"}],"about":[{"href":"https:\/\/www.europesays.com\/de\/wp-json\/wp\/v2\/types\/post"}],"author":[{"embeddable":true,"href":"https:\/\/www.europesays.com\/de\/wp-json\/wp\/v2\/users\/2"}],"replies":[{"embeddable":true,"href":"https:\/\/www.europesays.com\/de\/wp-json\/wp\/v2\/comments?post=342531"}],"version-history":[{"count":0,"href":"https:\/\/www.europesays.com\/de\/wp-json\/wp\/v2\/posts\/342531\/revisions"}],"wp:featuredmedia":[{"embeddable":true,"href":"https:\/\/www.europesays.com\/de\/wp-json\/wp\/v2\/media\/342532"}],"wp:attachment":[{"href":"https:\/\/www.europesays.com\/de\/wp-json\/wp\/v2\/media?parent=342531"}],"wp:term":[{"taxonomy":"category","embeddable":true,"href":"https:\/\/www.europesays.com\/de\/wp-json\/wp\/v2\/categories?post=342531"},{"taxonomy":"post_tag","embeddable":true,"href":"https:\/\/www.europesays.com\/de\/wp-json\/wp\/v2\/tags?post=342531"}],"curies":[{"name":"wp","href":"https:\/\/api.w.org\/{rel}","templated":true}]}}