{"id":342561,"date":"2025-08-13T21:52:10","date_gmt":"2025-08-13T21:52:10","guid":{"rendered":"https:\/\/www.europesays.com\/de\/342561\/"},"modified":"2025-08-13T21:52:10","modified_gmt":"2025-08-13T21:52:10","slug":"armut-muell-so-will-ob-kandidatin-henze-gelsenkirchen-aufpolieren","status":"publish","type":"post","link":"https:\/\/www.europesays.com\/de\/342561\/","title":{"rendered":"Armut &#038; M\u00fcll! So will OB-Kandidatin Henze Gelsenkirchen aufpolieren"},"content":{"rendered":"\n<p>Sie will die Nachfolge von Gelsenkirchens amtierender Oberb\u00fcrgermeisterin und ihrer Partei-Kollegin Karin Welge antreten: Andrea Henze kandidiert bei der Kommunalwahl in NRW f\u00fcr die SPD. Gegen\u00fcber DER WESTEN hat sie verraten, wie sie mit Hilfe ihres \u201eAufstiegsplans\u201c Gelsenkirchens Image wieder auf Vordermann bringen m\u00f6chte.<\/p>\n<p>Arbeitslosigkeit, M\u00fcll, Armut: Gelsenkirchen hat ein Image-Problem. Zuletzt machte die Pott-Stadt deutschlandweit Schlagzeilen, als die AfD bei der letzten Bundestagswahl die meisten Zweitstimmen holte \u2013 und so an der SPD vorbeizog (<a href=\"https:\/\/www.derwesten.de\/staedte\/gelsenkirchen\/afd-gelsenkirchen-bundestagswahl-spd-ergebnis-id301435527.html\" rel=\"nofollow noopener\" target=\"_blank\">wir berichteten<\/a>). Nun soll es bei der Kommunalwahl f\u00fcr die SPD mit OB-Kandidatin Andrea Henze wieder besser laufen \u2013 so lautet zumindest das Vorhaben.<\/p>\n<p> Ordnung und Sauberkeit sind Thema <\/p>\n<p>\u201eMir ist das Thema Aufstieg wichtig. Damit kann der Aufstieg eines Einzelnen gemeint sein, aber auch der Aufstieg einer ganzen Gesellschaft. Und ich stehe f\u00fcr den Aufstieg der ganzen Stadt. Wir haben viele Herausforderungen und deshalb wird es in dem Aufstiegsplan verschiedene Stufen geben, die viele Themen abdecken\u201c, betont Henze.<\/p>\n<p><strong>Unser Interview mit der CDU-Kandidatin aus Duisburg:<\/strong> <a href=\"https:\/\/www.derwesten.de\/staedte\/duisburg\/duisburg-sylvia-linn-cdu-kommunalwahl-nrw-id301673753.html\" rel=\"nofollow noopener\" target=\"_blank\">OB-Kandidatin Sylvia Linn fordert vor Kommunalwahl Knallhart-Verbot f\u00fcr Duisburg<\/a><\/p>\n<p>Zwei Punkte ihres Plans sind Ordnung und Sauberkeit. \u201eWenn ich mich mit den Menschen drau\u00dfen unterhalte, dann sind das gro\u00dfe Themen bei ihnen\u201c, sagt Henze. Vor allem Gelsenkirchen-Schalke ist gepr\u00e4gt von Schrottimmobilien, Leerst\u00e4nden und verm\u00fcllten Hinterh\u00f6fen. In einer TV-Reportage \u00e4u\u00dferte sich eine Gelsenkirchenerin kurz nach der Bundestagswahl im Februar zu den Problemen der Stadt. \u201eDat ist alles hier in die Br\u00fcche gegangen\u201c, lautete ihr vernichtendes Urteil (<a href=\"https:\/\/www.derwesten.de\/staedte\/gelsenkirchen\/buergergeld-empfaengerin-gelsenkirchen-afd-schalke-id301526879.html\" rel=\"nofollow noopener\" target=\"_blank\">wir berichteten<\/a>).<\/p>\n<p> Henze will Stadt f\u00fcr Investoren attraktiv machen <\/p>\n<p>Henze will gegensteuern. \u201eIch habe in meinem Plan viele Ma\u00dfnahmen, die direkt auf das M\u00fcllthema einzahlen\u201c, betont sie. Unter anderem m\u00f6chte sie gegen Schrottimmobillien vorgehen. Sie fordert seri\u00f6se Investoren dazu auf, in Projekte in Gelsenkirchen zu investieren. Doch ein einfaches Vorhaben ist das nicht. Immerhin klebt der schlechte Ruf Gelsenkirchen wie Kaugummi am Schuh. Dass die Stadt daher nicht unbedingt an erster Stelle f\u00fcr potenzielle Investoren stehen d\u00fcrfte, liegt auf der Hand.<\/p>\n<p>Doch Henze appelliert, auch die sch\u00f6nen Seiten an Gelsenkirchen zu sehen. \u201eDass wir Herausforderungen haben, will keiner leugnen. Bochum war vor 15 Jahren auch nicht da, wo es jetzt ist, und hat den Turnaround geschafft. Ich bin fest davon \u00fcberzeugt, dass wir das auch schaffen\u201c, betont sie.<\/p>\n<p>Mehr Themen und News f\u00fcr dich:<\/p>\n<p>  SPD-Politikerin blickt in die Nachbarschaft <\/p>\n<p>Dabei verweist Henze auf Bochums Ausrichtung in Bezug auf wirtschaftliche Themen. Dazu z\u00e4hlt auch das Projekt \u201eMARK 51\u00b07\u201c. Nach der Schlie\u00dfung des Opelwerks werden auf dem dortigen Gel\u00e4nde technologieorientierte Unternehmen und Forschungseinrichtungen beheimatet werden. Mit dem symbolischen ersten Spatenstich fiel am 21. Oktober 2024 der Startschuss. \u201eBochum hat da schnell agiert im Wirtschaftsbereich\u201c, findet Henze. Kann Gelsenkirchen hier nachziehen?<\/p>\n","protected":false},"excerpt":{"rendered":"Sie will die Nachfolge von Gelsenkirchens amtierender Oberb\u00fcrgermeisterin und ihrer Partei-Kollegin Karin Welge antreten: Andrea Henze kandidiert bei&hellip;\n","protected":false},"author":2,"featured_media":342562,"comment_status":"","ping_status":"","sticky":false,"template":"","format":"standard","meta":{"footnotes":""},"categories":[1848],"tags":[3364,29,548,663,3934,3658,30,13,92364,14,15,1209,12],"class_list":{"0":"post-342561","1":"post","2":"type-post","3":"status-publish","4":"format-standard","5":"has-post-thumbnail","7":"category-gelsenkirchen","8":"tag-de","9":"tag-deutschland","10":"tag-eu","11":"tag-europa","12":"tag-europe","13":"tag-gelsenkirchen","14":"tag-germany","15":"tag-headlines","16":"tag-kommunalwahl-in-nrw","17":"tag-nachrichten","18":"tag-news","19":"tag-nordrhein-westfalen","20":"tag-schlagzeilen"},"share_on_mastodon":{"url":"https:\/\/pubeurope.com\/@de\/115023678323330936","error":""},"_links":{"self":[{"href":"https:\/\/www.europesays.com\/de\/wp-json\/wp\/v2\/posts\/342561","targetHints":{"allow":["GET"]}}],"collection":[{"href":"https:\/\/www.europesays.com\/de\/wp-json\/wp\/v2\/posts"}],"about":[{"href":"https:\/\/www.europesays.com\/de\/wp-json\/wp\/v2\/types\/post"}],"author":[{"embeddable":true,"href":"https:\/\/www.europesays.com\/de\/wp-json\/wp\/v2\/users\/2"}],"replies":[{"embeddable":true,"href":"https:\/\/www.europesays.com\/de\/wp-json\/wp\/v2\/comments?post=342561"}],"version-history":[{"count":0,"href":"https:\/\/www.europesays.com\/de\/wp-json\/wp\/v2\/posts\/342561\/revisions"}],"wp:featuredmedia":[{"embeddable":true,"href":"https:\/\/www.europesays.com\/de\/wp-json\/wp\/v2\/media\/342562"}],"wp:attachment":[{"href":"https:\/\/www.europesays.com\/de\/wp-json\/wp\/v2\/media?parent=342561"}],"wp:term":[{"taxonomy":"category","embeddable":true,"href":"https:\/\/www.europesays.com\/de\/wp-json\/wp\/v2\/categories?post=342561"},{"taxonomy":"post_tag","embeddable":true,"href":"https:\/\/www.europesays.com\/de\/wp-json\/wp\/v2\/tags?post=342561"}],"curies":[{"name":"wp","href":"https:\/\/api.w.org\/{rel}","templated":true}]}}