{"id":342692,"date":"2025-08-13T23:01:15","date_gmt":"2025-08-13T23:01:15","guid":{"rendered":"https:\/\/www.europesays.com\/de\/342692\/"},"modified":"2025-08-13T23:01:15","modified_gmt":"2025-08-13T23:01:15","slug":"microsoft-schliesst-sechs-von-check-point-entdeckte-sicherheitsluecken-netzpalaver","status":"publish","type":"post","link":"https:\/\/www.europesays.com\/de\/342692\/","title":{"rendered":"Microsoft schlie\u00dft sechs von Check Point entdeckte Sicherheitsl\u00fccken &#8211; Netzpalaver"},"content":{"rendered":"<ol>\n<li><a href=\"https:\/\/news.google.com\/rss\/articles\/CBMiqAFBVV95cUxPLUdheEY3emtVbHg1bzQ0WngyTy1pZjExdkx2cUJEMDFGV2lYdHVZek5KcUJFTWs0Y3VWenpQakJUbmZNR1pkaTFseWRpM2x0U3ktYmdOZUppWV9Lem00Q0lNV0hZYkpVRVdpZl9nUDBSdkstSmE3M1hObFZtbmM2ck5YQkNkVVZqemVwUmZtZHlNQkEtOFBJTEhpZF9uSHZGVFJYVVJkMG4?oc=5\" target=\"_blank\" rel=\"noopener\">Microsoft schlie\u00dft sechs von Check Point entdeckte Sicherheitsl\u00fccken<\/a>&nbsp;&nbsp;Netzpalaver<\/li>\n<li><a href=\"https:\/\/news.google.com\/rss\/articles\/CBMiqwFBVV95cUxQRjFGZFpiTmd3WUZzUFFtcE8tcTZKVll2UlhJcnE1ZkwtcE5FQW1UbDdISTA5enNXRFJ0NnVuSkljd3A3OGh4ZnluY1l6WUhXUXVxQ2tUOUt4SXAzaFpnbldRcjU5ZmlKUXJCUmlWRUhfMUhkenhTNUZPLWJYbnEwWEVQR0l6Q2d4YjNueExXSE1YSkZnWk9GN2o0aVkxamp4OVplQl9aY2dodkE?oc=5\" target=\"_blank\" rel=\"noopener\">Patchday Microsoft: Angreifer k\u00f6nnen sich zum Dom\u00e4nen-Admin machen<\/a>&nbsp;&nbsp;heise online<\/li>\n<li><a href=\"https:\/\/news.google.com\/rss\/articles\/CBMiwAFBVV95cUxNRmZCbUx6VzY2cmdaM0lTYkxiaHdmWm9CQ25uNWN2elEzX1hZdEliRFptWlBzbE03Z1ptb3htamtyd3RsSk5kVkZyRUlhLWtyMms1a2JjOTJDZTFlZVVwS25xa05raV9rSGhpazV4R3VsalJZb192WHR1ZlY5N082OUkwLTc4LUx3VDFqM3ZScl9DVUNzMFdBekc4M2xwVGxLYVV4QW5zYjMxWkFzS3BuWTE4c2ZLRW56TjMwU19Id1g?oc=5\" target=\"_blank\" rel=\"noopener\">Angriff \u00fcber Websites: Kritische Grafik-Schwachstellen gef\u00e4hrden Windows-Nutzer<\/a>&nbsp;&nbsp;Golem<\/li>\n<li><a href=\"https:\/\/news.google.com\/rss\/articles\/CBMiuwFBVV95cUxQWFJFOWVuWXFzYjZMdkllcEJjaThPSVRWd3JabHZvaWJGWGkwRkZWT05QSkdyaGVReWx0bk9Wd0hzSkpWeGFhSDF3YjNPUWs2TFp0aUJSMGdyLW1KTVRFQWFJVnQ4c1hDWkU4RmFvS1MxNGVGWGZmTXRYSWhGY1RfNWZ6Q1VhbGlMM3BNWktHYVQ5NmVvWWZieVdtMldFWEYxTGhwNW15NDZ5d0VRTF9WYTZmWDFIZWNxZ1Vz?oc=5\" target=\"_blank\" rel=\"noopener\">Windows 10: Neues Update bereitet Support-Verl\u00e4ngerung vor<\/a>&nbsp;&nbsp;PCGH<\/li>\n<li><a href=\"https:\/\/news.google.com\/rss\/articles\/CBMi0wFBVV95cUxORG0xT2xjR0RNenlJWUluRkRGVlE0LUZWaE1xbVg5ZmlNcmdVcjdnZml4RHExcUREOGJoSVVzZ21lZlpSY3laNXdKbXlmRFU4TS0wWFg1ZEZwRnlUTUxsMXNGSjRHYThNMHJjWi1ubW9IYTI0WHBwQ0k5OXpCRlA1Z1czYkxrTGRESUgwcTFNclpFUU1aZ0d5cnFJTnB4RWo3RzQyQ0hEWld3TDlsS0ttZXBMaktSRU9ybW52MjZkdkhwWTZYYm1JRnhhYlBQTGRndVVB?oc=5\" target=\"_blank\" rel=\"noopener\">Microsoft Patchday: Windows 11 bekommt Recall auch bei uns<\/a>&nbsp;&nbsp;Computer Bild<\/li>\n<\/ol>\n","protected":false},"excerpt":{"rendered":"Microsoft schlie\u00dft sechs von Check Point entdeckte Sicherheitsl\u00fccken&nbsp;&nbsp;Netzpalaver Patchday Microsoft: Angreifer k\u00f6nnen sich zum Dom\u00e4nen-Admin machen&nbsp;&nbsp;heise online Angriff&hellip;\n","protected":false},"author":2,"featured_media":342693,"comment_status":"","ping_status":"","sticky":false,"template":"","format":"standard","meta":{"footnotes":""},"categories":[135],"tags":[95909,15731,14776,29,30,95910,4560,95911,190,189,32120,194,191,193,192],"class_list":{"0":"post-342692","1":"post","2":"type-post","3":"status-publish","4":"format-standard","5":"has-post-thumbnail","7":"category-wissenschaft-technik","8":"tag-check-point","9":"tag-cybersecurity","10":"tag-cybersicherheit","11":"tag-deutschland","12":"tag-germany","13":"tag-patch-tuesday","14":"tag-rust","15":"tag-schwachstelle","16":"tag-science","17":"tag-science-technology","18":"tag-sicherheitsluecke","19":"tag-technik","20":"tag-technology","21":"tag-wissenschaft","22":"tag-wissenschaft-technik"},"share_on_mastodon":{"url":"https:\/\/pubeurope.com\/@de\/115023950491645720","error":""},"_links":{"self":[{"href":"https:\/\/www.europesays.com\/de\/wp-json\/wp\/v2\/posts\/342692","targetHints":{"allow":["GET"]}}],"collection":[{"href":"https:\/\/www.europesays.com\/de\/wp-json\/wp\/v2\/posts"}],"about":[{"href":"https:\/\/www.europesays.com\/de\/wp-json\/wp\/v2\/types\/post"}],"author":[{"embeddable":true,"href":"https:\/\/www.europesays.com\/de\/wp-json\/wp\/v2\/users\/2"}],"replies":[{"embeddable":true,"href":"https:\/\/www.europesays.com\/de\/wp-json\/wp\/v2\/comments?post=342692"}],"version-history":[{"count":0,"href":"https:\/\/www.europesays.com\/de\/wp-json\/wp\/v2\/posts\/342692\/revisions"}],"wp:featuredmedia":[{"embeddable":true,"href":"https:\/\/www.europesays.com\/de\/wp-json\/wp\/v2\/media\/342693"}],"wp:attachment":[{"href":"https:\/\/www.europesays.com\/de\/wp-json\/wp\/v2\/media?parent=342692"}],"wp:term":[{"taxonomy":"category","embeddable":true,"href":"https:\/\/www.europesays.com\/de\/wp-json\/wp\/v2\/categories?post=342692"},{"taxonomy":"post_tag","embeddable":true,"href":"https:\/\/www.europesays.com\/de\/wp-json\/wp\/v2\/tags?post=342692"}],"curies":[{"name":"wp","href":"https:\/\/api.w.org\/{rel}","templated":true}]}}