{"id":342711,"date":"2025-08-13T23:11:13","date_gmt":"2025-08-13T23:11:13","guid":{"rendered":"https:\/\/www.europesays.com\/de\/342711\/"},"modified":"2025-08-13T23:11:13","modified_gmt":"2025-08-13T23:11:13","slug":"sommertour-station-tiergarten-odenkirchen-natur-und-bildung-im-herzen-der-stadt","status":"publish","type":"post","link":"https:\/\/www.europesays.com\/de\/342711\/","title":{"rendered":"Sommertour-Station: Tiergarten Odenkirchen \u2013 Natur und Bildung im Herzen der Stadt"},"content":{"rendered":"<p>            <a href=\"https:\/\/lokalklick.eu\/wp-content\/uploads\/2025\/08\/MG_20250813_174245.jpg\" data-caption=\"(Foto: FDP)\" rel=\"nofollow noopener\" target=\"_blank\"><img loading=\"lazy\" decoding=\"async\" width=\"696\" height=\"427\" class=\"entry-thumb td-modal-image\" src=\"https:\/\/www.europesays.com\/de\/wp-content\/uploads\/2025\/08\/MG_20250813_174245-696x427.jpg\"   alt=\"\" title=\"MG_20250813_174245\"\/><\/a>(Foto: FDP)<br \/>\n            Anzeigen<a href=\"https:\/\/www.mheg-containershop.de\/\" target=\"_blank\" rel=\"nofollow noopener\"><img decoding=\"async\" src=\"https:\/\/www.europesays.com\/de\/wp-content\/uploads\/2025\/04\/MH_Anzeige_Container_1456x180.jpg\"\/><\/a><\/p>\n<p>\n<a href=\"https:\/\/www.rugana.de\/de\/Mecklenburg-Vorpommern\/Insel.Ruegen\/D41\" target=\"_blank\" rel=\"nofollow noopener\"><img decoding=\"async\" src=\"https:\/\/www.europesays.com\/de\/wp-content\/uploads\/2025\/04\/FeWo-Dranske-2-1456.jpg\"\/><\/a><\/p>\n<p><\/p>\n<p><strong>M\u00f6nchengladbach. <\/strong>Im Rahmen der Sommertour besuchte gestern der Oberb\u00fcrgermeisterkandidat der Freien Demokraten M\u00f6nchengladbach, Reiner Gutowski, gemeinsam mit dem kommissarischen Kreisvorsitzenden Daniel Winkens sowie dem Vorsitzenden des Ortsverbandes S\u00fcd, Peter K\u00f6nig, und Eira Dengel den im Bezirk S\u00fcd gelegenen Tiergarten Odenkirchen.<\/p>\n<p>Begr\u00fc\u00dft wurde die Delegation von Gesch\u00e4ftsf\u00fchrerin Frau Dr. Katrin Ernst, die mit gro\u00dfem Engagement durch die Anlage f\u00fchrte und anschaulich \u00fcber die Arbeit und Projekte des Tiergartens informierte. Die traditionsreiche Einrichtung ist nicht nur ein beliebtes Ausflugsziel f\u00fcr Familien, Schulklassen und Tierfreunde, sondern auch ein wichtiger Bildungs- und Erholungsort in der Stadt.<\/p>\n<p>Bei einem Rundgang konnten sich die G\u00e4ste ein Bild von der Vielfalt der Tierarten und den liebevoll gestalteten Anlagen machen. Besonders beeindruckte, wie der Tiergarten mit begrenzten Mitteln und gro\u00dfem Engagement ein attraktives Angebot schafft. Neben heimischen und exotischen Tieren wird hier auch Wissen \u00fcber Arten- und Naturschutz vermittelt \u2013 ein wichtiger Beitrag f\u00fcr Umweltbildung direkt vor Ort.<\/p>\n<p>F\u00fcr die Besucherinnen und Besucher gibt es zudem einen besonderen Ausblick: Im September erwartet sie eine tolle \u00dcberraschung, die den Tiergarten um eine weitere Attraktion bereichern wird.<\/p>\n<p>\u201eDer Tiergarten ist ein St\u00fcck gelebte Stadtkultur. Er verbindet Freizeit, Naturerlebnis und Bildung auf einzigartige Weise. Wir m\u00fcssen daf\u00fcr sorgen, dass solche Orte erhalten und weiterentwickelt werden\u201c, erkl\u00e4rte Gutowski beim Besuch.<\/p>\n<p>Der Tiergarten Odenkirchen zeigt, wie viel mit Einsatzbereitschaft, Fachwissen und Herzblut erreicht werden kann. Die Freien Demokraten wollen daf\u00fcr sorgen, dass solche Einrichtungen auch in Zukunft gest\u00e4rkt werden \u2013 f\u00fcr die Menschen in M\u00f6nchengladbach und als wertvollen Lernort f\u00fcr kommende Generationen.<\/p>\n","protected":false},"excerpt":{"rendered":"(Foto: FDP) Anzeigen M\u00f6nchengladbach. Im Rahmen der Sommertour besuchte gestern der Oberb\u00fcrgermeisterkandidat der Freien Demokraten M\u00f6nchengladbach, Reiner Gutowski,&hellip;\n","protected":false},"author":2,"featured_media":342712,"comment_status":"","ping_status":"","sticky":false,"template":"","format":"standard","meta":{"footnotes":""},"categories":[1849],"tags":[3364,29,548,663,3934,30,13,4455,14,15,1209,12],"class_list":{"0":"post-342711","1":"post","2":"type-post","3":"status-publish","4":"format-standard","5":"has-post-thumbnail","7":"category-moenchengladbach","8":"tag-de","9":"tag-deutschland","10":"tag-eu","11":"tag-europa","12":"tag-europe","13":"tag-germany","14":"tag-headlines","15":"tag-moenchengladbach","16":"tag-nachrichten","17":"tag-news","18":"tag-nordrhein-westfalen","19":"tag-schlagzeilen"},"share_on_mastodon":{"url":"https:\/\/pubeurope.com\/@de\/115023989263121369","error":""},"_links":{"self":[{"href":"https:\/\/www.europesays.com\/de\/wp-json\/wp\/v2\/posts\/342711","targetHints":{"allow":["GET"]}}],"collection":[{"href":"https:\/\/www.europesays.com\/de\/wp-json\/wp\/v2\/posts"}],"about":[{"href":"https:\/\/www.europesays.com\/de\/wp-json\/wp\/v2\/types\/post"}],"author":[{"embeddable":true,"href":"https:\/\/www.europesays.com\/de\/wp-json\/wp\/v2\/users\/2"}],"replies":[{"embeddable":true,"href":"https:\/\/www.europesays.com\/de\/wp-json\/wp\/v2\/comments?post=342711"}],"version-history":[{"count":0,"href":"https:\/\/www.europesays.com\/de\/wp-json\/wp\/v2\/posts\/342711\/revisions"}],"wp:featuredmedia":[{"embeddable":true,"href":"https:\/\/www.europesays.com\/de\/wp-json\/wp\/v2\/media\/342712"}],"wp:attachment":[{"href":"https:\/\/www.europesays.com\/de\/wp-json\/wp\/v2\/media?parent=342711"}],"wp:term":[{"taxonomy":"category","embeddable":true,"href":"https:\/\/www.europesays.com\/de\/wp-json\/wp\/v2\/categories?post=342711"},{"taxonomy":"post_tag","embeddable":true,"href":"https:\/\/www.europesays.com\/de\/wp-json\/wp\/v2\/tags?post=342711"}],"curies":[{"name":"wp","href":"https:\/\/api.w.org\/{rel}","templated":true}]}}