{"id":342975,"date":"2025-08-14T01:39:11","date_gmt":"2025-08-14T01:39:11","guid":{"rendered":"https:\/\/www.europesays.com\/de\/342975\/"},"modified":"2025-08-14T01:39:11","modified_gmt":"2025-08-14T01:39:11","slug":"wir-leben-in-einem-science-fiction-zeitalter-scheitert-james-cameron-am-neuen-terminator-kino-news","status":"publish","type":"post","link":"https:\/\/www.europesays.com\/de\/342975\/","title":{"rendered":"&#8222;Wir leben in einem Science-Fiction-Zeitalter&#8220;: Scheitert James Cameron am neuen &#8222;Terminator&#8220;? &#8211; Kino News"},"content":{"rendered":"<p>Ob KI-Waffen, neuronale Netzwerke oder Dritter Weltkrieg: Die \u201eTerminator\u201c-Reihe beschw\u00f6rt Katastrophenszenarien, die l\u00e4ngst Wirklichkeit geworden sind. F\u00fcr \u201eTerminator\u201c-Mastermind James Cameron der Grund, wieso die Arbeit am neuen Film stagniert.<\/p>\n<p>    <img loading=\"lazy\" decoding=\"async\" class=\"article-figure-img\" width=\"654\" height=\"368\" src=\"https:\/\/www.europesays.com\/de\/wp-content\/uploads\/2025\/08\/828c408315359a4c66ddf45875866108.jpg\"\/><\/p>\n<p>        Fox Deutschland<\/p>\n<p class=\"bo-p\">Das seit 1984 existierende legend\u00e4re <a href=\"https:\/\/www.filmstarts.de\/filme\/bildergalerien\/bildergalerie-18527958\/\" class=\"bo-link\" rel=\"nofollow noopener\" target=\"_blank\">\u201eTerminator\u201c-Action-Franchise<\/a> handelt von Sci-Fi-Themen und Techniken, die zum Zeitpunkt der Entstehung der Filme als nicht realisierbar und reine Zukunftsvisionen galten. Doch die Zeiten haben sich ge\u00e4ndert. Die Welt und mit ihr die politischen Konflikte und technologischen Neuerungen sind mittlerweile nah an die urspr\u00fcnglichen Ideen und Vorstellungen der Macher heranger\u00fcckt. L\u00e4ngst sind KI-gest\u00fctzte Waffen Teil moderner Streitkr\u00e4fte und kommen als \u201eKiller-Intelligenz\u201c auf den Schlachtfeldern zum Einsatz. Und einige der besonders verblendeten, autokratisch herrschenden Diktatoren drohen unverbl\u00fcmt immer wieder mit dem nuklearen Armageddon. <\/p>\n<p class=\"bo-p\">Auch <a href=\"https:\/\/www.filmstarts.de\/personen\/1066.html\" class=\"bo-link\" rel=\"nofollow noopener\" target=\"_blank\">James Cameron<\/a>, der Erfinder von \u201e<a href=\"https:\/\/www.filmstarts.de\/kritiken\/309.html\" class=\"bo-link\" rel=\"nofollow noopener\" target=\"_blank\">Terminator<\/a>\u201c und Regisseur der ersten beiden Teile, betrachtet all dies mit Sorge. Und in den Gefahren der \u201eechten\u201c Welt sieht der Erfolgsregisseur sogar den Hauptgrund daf\u00fcr, weshalb die Entwicklung neuer Ideen f\u00fcr das \u201eTerminator\u201c-Universum aktuell stagniert.<\/p>\n<p>&#8222;Es f\u00e4llt mir schwer, Science-Fiction zu schreiben&#8220;<\/p>\n<p class=\"bo-p\">Denn eigentlich soll Cameron, neben seiner Arbeit an \u201e<a href=\"https:\/\/www.filmstarts.de\/kritiken\/187247.html\" class=\"bo-link\" rel=\"nofollow noopener\" target=\"_blank\">Avatar 4<\/a>\u201c und dem Weltkriegs-Drama \u201e<a href=\"https:\/\/www.filmstarts.de\/kritiken\/1000024912.html\" class=\"bo-link\" rel=\"nofollow noopener\" target=\"_blank\">Ghosts of Hiroshima<\/a>\u201c, bereits <a href=\"https:\/\/www.filmstarts.de\/nachrichten\/1000026224.html\" class=\"bo-link\" rel=\"nofollow noopener\" target=\"_blank\">seit l\u00e4ngerem an einem siebten Teil<\/a> der Reihe werkeln. Im Gespr\u00e4ch mit CNN gab jetzt allerdings zu, dass es ihm gegenw\u00e4rtig ungeheuer schwerfalle, eine \u201eTerminator 7\u201c-Geschichte zu schreiben \u2013 aufgrund der aus den Fugen geratenen Weltlage. Mit der neuen Story sei er folglich noch nicht weit gekommen. Er sagte:<\/p>\n<p class=\"bo-p\"><b>\u201eIch bin gerade an einem Punkt, an dem es mir schwerf\u00e4llt, Science-Fiction zu schreiben. Ich nicht wei\u00df, was ich schreiben soll, das nicht von den realen Ereignissen \u00fcberholt wird. Wir leben gerade in einem Science-Fiction-Zeitalter\u201c. <\/b>Cameron spricht von Inhalten und Elementen aus \u201eTerminator\u201c, die keine Science-Fiction mehr sind. Wom\u00f6glich von KI-Technologien, die die Menschheit ausrotten wollen oder einer vom atomaren Super-Gau zerst\u00f6rten Erde, die unbewohnbar geworden ist. All das kommt im Franchise vor.<\/p>\n<p>Infos zu &#8222;Terminator 7&#8220; sind noch rar ges\u00e4t<\/p>\n<p class=\"bo-p\"><b>Noch steht nicht fest, worum es in Camerons neuem \u201eTerminator\u201c-Projekt geht und ob es sich um eine direkte Fortsetzung des Vorg\u00e4ngers \u201e<\/b><a href=\"https:\/\/www.filmstarts.de\/kritiken\/146552.html\" class=\"bo-link\" rel=\"nofollow noopener\" target=\"_blank\"><b>Terminator: Dark Fate<\/b><\/a><b>\u201c (2019) handelt. <\/b>Zudem ist unklar, ob <a href=\"https:\/\/www.filmstarts.de\/nachrichten\/1000006818.html\" class=\"bo-link\" rel=\"nofollow noopener\" target=\"_blank\">Cameron als Regisseur von \u201eTerminator 7<\/a>\u201c selbst auf dem Regiestuhl Platz nehmen wird. F\u00fcr \u201eDark Fate\u201c kehrte der Experte f\u00fcr atmosph\u00e4rische, spannungsgeladene Action- und Sci-Fi-Streifen (\u201eAliens\u201c, \u201eThe Abyss\u201c) erstmalig nach den ersten beiden \u201eTerminator\u201c-Teilen zumindest als kreativer Kopf und ausf\u00fchrender Produzent zum Franchise zur\u00fcck.<\/p>\n<p class=\"bo-p\">1997 katapultierte \u201e<a href=\"https:\/\/www.filmstarts.de\/kritiken\/5818.html\" class=\"bo-link\" rel=\"nofollow noopener\" target=\"_blank\">Titanic<\/a>\u201c die Karriere von Cameron in neue, nie f\u00fcr m\u00f6glich gehaltene Erfolgssph\u00e4ren. Er wurde durch den Katastrophen-Blockbuster zum Regie-Weltstar \u2013 und <a href=\"https:\/\/www.filmstarts.de\/personen\/12972.html\" class=\"bo-link\" rel=\"nofollow noopener\" target=\"_blank\">Leonardo DiCaprio<\/a> zum globalen Teenie-Schwarm. Was viele nicht wissen: Ein bekannter Marvel-Megastar sprach vergeblich f\u00fcr DiCaprios Rolle des charmanten Vagabunden Jack Dawson vor. Lest hier, wer am Ende das Nachsehen hatte:<\/p>\n<p>    <a class=\"cms-see-also\" data-title=\"Auch interessant\" href=\"https:\/\/www.filmstarts.de\/nachrichten\/1000157792.html\" rel=\"nofollow noopener\" target=\"_blank\">&#8222;Die eine Rolle, die ich wirklich wollte&#8220;: Dieser Marvel-Megastar sprach vergeblich f\u00fcr &#8222;Titanic&#8220; vor<\/a><\/p>\n","protected":false},"excerpt":{"rendered":"Ob KI-Waffen, neuronale Netzwerke oder Dritter Weltkrieg: Die \u201eTerminator\u201c-Reihe beschw\u00f6rt Katastrophenszenarien, die l\u00e4ngst Wirklichkeit geworden sind. F\u00fcr \u201eTerminator\u201c-Mastermind&hellip;\n","protected":false},"author":2,"featured_media":342976,"comment_status":"","ping_status":"","sticky":false,"template":"","format":"standard","meta":{"footnotes":""},"categories":[1771],"tags":[1778,29,214,30,95,1777,215],"class_list":{"0":"post-342975","1":"post","2":"type-post","3":"status-publish","4":"format-standard","5":"has-post-thumbnail","7":"category-kino","8":"tag-cinema","9":"tag-deutschland","10":"tag-entertainment","11":"tag-germany","12":"tag-kino","13":"tag-movie","14":"tag-unterhaltung"},"share_on_mastodon":{"url":"https:\/\/pubeurope.com\/@de\/115024570967387787","error":""},"_links":{"self":[{"href":"https:\/\/www.europesays.com\/de\/wp-json\/wp\/v2\/posts\/342975","targetHints":{"allow":["GET"]}}],"collection":[{"href":"https:\/\/www.europesays.com\/de\/wp-json\/wp\/v2\/posts"}],"about":[{"href":"https:\/\/www.europesays.com\/de\/wp-json\/wp\/v2\/types\/post"}],"author":[{"embeddable":true,"href":"https:\/\/www.europesays.com\/de\/wp-json\/wp\/v2\/users\/2"}],"replies":[{"embeddable":true,"href":"https:\/\/www.europesays.com\/de\/wp-json\/wp\/v2\/comments?post=342975"}],"version-history":[{"count":0,"href":"https:\/\/www.europesays.com\/de\/wp-json\/wp\/v2\/posts\/342975\/revisions"}],"wp:featuredmedia":[{"embeddable":true,"href":"https:\/\/www.europesays.com\/de\/wp-json\/wp\/v2\/media\/342976"}],"wp:attachment":[{"href":"https:\/\/www.europesays.com\/de\/wp-json\/wp\/v2\/media?parent=342975"}],"wp:term":[{"taxonomy":"category","embeddable":true,"href":"https:\/\/www.europesays.com\/de\/wp-json\/wp\/v2\/categories?post=342975"},{"taxonomy":"post_tag","embeddable":true,"href":"https:\/\/www.europesays.com\/de\/wp-json\/wp\/v2\/tags?post=342975"}],"curies":[{"name":"wp","href":"https:\/\/api.w.org\/{rel}","templated":true}]}}