{"id":343002,"date":"2025-08-14T01:54:29","date_gmt":"2025-08-14T01:54:29","guid":{"rendered":"https:\/\/www.europesays.com\/de\/343002\/"},"modified":"2025-08-14T01:54:29","modified_gmt":"2025-08-14T01:54:29","slug":"stadt-herten-presse-service-de-5","status":"publish","type":"post","link":"https:\/\/www.europesays.com\/de\/343002\/","title":{"rendered":"Stadt Herten | presse-service.de"},"content":{"rendered":"<p>Meldungsdatum: 13.08.2025<\/p>\n<p>Kleinkunstreihe \u201e7nach8\u201c startet<\/p>\n<p class=\"ps_teaser\">Die Kleinkunstreihe \u201e7nach8\u201c startet auch in dieser Spielzeit mit einem echten Publikumsliebling: \u201eLOL \u2013 Das Comedy Start-up\u201c ist am Donnerstag, 28. August, um 20.07 Uhr im Glashaus in Herten zu Gast \u2013 und das bereits zum dritten Mal.<\/p>\n<p>Nach dem gefeierten Deb\u00fct zum Auftakt der letzten Saison und dem erfolgreichen \u201eFemale Special\u201c im M\u00e4rz 2025 kehrt das Comedy-Format nun auf vielfachen Wunsch erneut zur\u00fcck. \u201eWir freuen uns sehr, dass ,LOL \u2013 Das Comedy Start-up&#8216; auch in diesem Jahr wieder den Startschuss f\u00fcr unsere Kleinkunstreihe gibt. Das Format trifft genau den Nerv des Publikums \u2013 \u00fcberraschend, frech und immer nah dran. Dass so viele nach einer Fortsetzung gefragt haben, spricht f\u00fcr sich\u201c, meint Ania Pachura vom Kulturb\u00fcro der Stadt Herten.<\/p>\n<p>\u201eLOL \u2013 Das Comedy Start-up\u201c ist eine abwechslungsreiche Stand-up-Show mit bis zu vier Comedians pro Abend. Wer genau auf der B\u00fchne steht, bleibt bis zur Show ein Geheimnis \u2013 ganz im Sinne des LOL-Prinzips: Lachen ohne Vorwarnung. Die Show bringt Newcomerinnen und Newcomer auf die B\u00fchne, die frischen Wind und originelle Alltagsgeschichten mitbringen \u2013 und manchmal auch bekannte Gesichter aus Formaten wie NightWash, Quatsch Comedy Club oder TV Total. Einige der gro\u00dfen Namen der deutschen Comedy-Szene haben hier ihre ersten Schritte gemacht \u2013 darunter Abdelkarim, Enissa Amani und Tahnee.<\/p>\n<p>Wer also Lust auf einen Abend voller \u00dcberraschungen, Pointen und Talente hat, sollte sich das Comedy-Blind-Date zum Saisonauftakt nicht entgehen lassen. Tickets sind im Vorverkauf f\u00fcr 20\u202fEuro, an der Abendkasse f\u00fcr 22\u202fEuro und erm\u00e4\u00dfigt f\u00fcr 11\u202fEuro erh\u00e4ltlich. Erm\u00e4\u00dfigung gilt f\u00fcr Herten-Pass-Inhaberinnen und -Inhaber, Sch\u00fclerinnen und Sch\u00fcler, Studierende, Azubis, Schwerbehinderte sowie BFD- und FSJ-Leistende.<br \/>Die Veranstaltungsreihe \u201e7nach8\u201c wird von der Volksbank Ruhr Mitte unterst\u00fctzt.<\/p>\n<p><strong>Vorverkaufsstellen<\/strong><br \/>&#8211; Glashaus Herten, Hermannstr. 16, 45699 Herten, Ticket-Tel. 02366 303-232<br \/>&#8211; Buchhandlung Droste, Hermannstr. 21, 45699 Herten, Tel. 02366 35162<br \/>&#8211; Buchladen Attatroll, Herner Str. 16, 45657 Recklinghausen, Tel. 02361 17002<br \/>&#8211; RVR-Besucherzentrum Hoheward, Werner-Heisenberg-Str. 14, 45699 Herten, Tel. 02366 181160<br \/>&#8211; www.proticket.de (geb\u00fchrenpflichtig) als \u201ehomeprint\u201c zum Selbstdrucken<\/p>\n<p><strong>Weitere Informationen<\/strong><br \/>&#8211; Kulturb\u00fcro Herten, Ania Pachura, Tel. 02366 303-179<br \/>&#8211; <a href=\"http:\/\/www.7nach8.de\" target=\"_blank\" rel=\"noopener nofollow\">www.7nach8.de<\/a><br \/>&#8211; <a href=\"http:\/\/www.lol-comedy.de\" target=\"_blank\" rel=\"noopener nofollow\">www.lol-comedy.de<\/a><br \/>&#8211; <a href=\"http:\/\/www.instagram.com\/lol_comedyshow\" target=\"_blank\" rel=\"noopener nofollow\">www.instagram.com\/lol_comedyshow<\/a><\/p>\n<p><strong>Hinweis zum PKW-Parken<\/strong><br \/>Das Parkhaus \u201eRathaus-Galerie\u201c ist w\u00e4hrend der Veranstaltung bis 24 Uhr geb\u00fchrenpflichtig ge\u00f6ffnet.<\/p>\n<p>Pressekontakt: Stadt Herten, Presse- und \u00d6ffentlichkeitsarbeit, Jana Putze, Telefon: 02366 303-393, j.putze@herten.de<\/p>\n<p>\u00a0<\/p>\n<p>Kontakt: Stadt Herten, Presse- und \u00d6ffentlichkeitsarbeit, Jana Putze, Telefon: 02366 303-393, j.putze@herten.de<\/p>\n<p>Zu dieser Meldung k\u00f6nnen wir Ihnen folgendes Medium anbieten:        <\/p>\n<p>&#13;<br \/>\n        Logo \u201eLOL &#8211; Das Comedy Start-up\u201c&#13;\n    <\/p>\n<p>\u00a9 \u00a0magenta ARTISTS<\/p>\n<p>        <a href=\"http:\/\/www.presse-service.de\/medienarchiv.aspx?medien_id=283320\" rel=\"nofollow noopener\" target=\"_blank\">&#13;<br \/>\n            <img decoding=\"async\" src=\"https:\/\/www.europesays.com\/de\/wp-content\/uploads\/2025\/08\/283320V.jpg\" class=\"img-fluid\" alt=\"Logo \u201eLOL - Das Comedy Start-up\u201c\"\/>&#13;<br \/>\n        <\/a><\/p>\n<p>\u201eLOL &#8211; Das Comedy Start-up\u201c (Bildrechte: magenta ARTISTS)&#13;\n        <\/p>\n<p><script async src=\"\/\/www.instagram.com\/embed.js\"><\/script><\/p>\n","protected":false},"excerpt":{"rendered":"Meldungsdatum: 13.08.2025 Kleinkunstreihe \u201e7nach8\u201c startet Die Kleinkunstreihe \u201e7nach8\u201c startet auch in dieser Spielzeit mit einem echten Publikumsliebling: \u201eLOL&hellip;\n","protected":false},"author":2,"featured_media":343003,"comment_status":"","ping_status":"","sticky":false,"template":"","format":"standard","meta":{"footnotes":""},"categories":[1848],"tags":[3364,29,548,663,3934,3658,30,13,14,15,1209,12],"class_list":{"0":"post-343002","1":"post","2":"type-post","3":"status-publish","4":"format-standard","5":"has-post-thumbnail","7":"category-gelsenkirchen","8":"tag-de","9":"tag-deutschland","10":"tag-eu","11":"tag-europa","12":"tag-europe","13":"tag-gelsenkirchen","14":"tag-germany","15":"tag-headlines","16":"tag-nachrichten","17":"tag-news","18":"tag-nordrhein-westfalen","19":"tag-schlagzeilen"},"share_on_mastodon":{"url":"https:\/\/pubeurope.com\/@de\/115024630109666868","error":""},"_links":{"self":[{"href":"https:\/\/www.europesays.com\/de\/wp-json\/wp\/v2\/posts\/343002","targetHints":{"allow":["GET"]}}],"collection":[{"href":"https:\/\/www.europesays.com\/de\/wp-json\/wp\/v2\/posts"}],"about":[{"href":"https:\/\/www.europesays.com\/de\/wp-json\/wp\/v2\/types\/post"}],"author":[{"embeddable":true,"href":"https:\/\/www.europesays.com\/de\/wp-json\/wp\/v2\/users\/2"}],"replies":[{"embeddable":true,"href":"https:\/\/www.europesays.com\/de\/wp-json\/wp\/v2\/comments?post=343002"}],"version-history":[{"count":0,"href":"https:\/\/www.europesays.com\/de\/wp-json\/wp\/v2\/posts\/343002\/revisions"}],"wp:featuredmedia":[{"embeddable":true,"href":"https:\/\/www.europesays.com\/de\/wp-json\/wp\/v2\/media\/343003"}],"wp:attachment":[{"href":"https:\/\/www.europesays.com\/de\/wp-json\/wp\/v2\/media?parent=343002"}],"wp:term":[{"taxonomy":"category","embeddable":true,"href":"https:\/\/www.europesays.com\/de\/wp-json\/wp\/v2\/categories?post=343002"},{"taxonomy":"post_tag","embeddable":true,"href":"https:\/\/www.europesays.com\/de\/wp-json\/wp\/v2\/tags?post=343002"}],"curies":[{"name":"wp","href":"https:\/\/api.w.org\/{rel}","templated":true}]}}